{"id":1793,"date":"2013-01-22T22:28:43","date_gmt":"2013-01-22T22:28:43","guid":{"rendered":"http:\/\/www.escritorescantabros.com\/?p=1793"},"modified":"2013-01-23T22:35:25","modified_gmt":"2013-01-23T22:35:25","slug":"el-consejero-de-cultura-recibe-a-representantes-de-la-sociedad-cantabra-de-escritores","status":"publish","type":"post","link":"https:\/\/www.escritorescantabros.com\/?p=1793","title":{"rendered":"El consejero de Cultura recibe a representantes de la Sociedad C\u00e1ntabra de Escritores"},"content":{"rendered":"<p><a href=\"http:\/\/www.escritorescantabros.com\/?attachment_id=1794\" rel=\"attachment wp-att-1794\"><img loading=\"lazy\" decoding=\"async\" class=\"alignleft size-medium wp-image-1794\" title=\"El consejero de educaci\u00f3n, Miguel \u00c1ngel Serna, recibe a 22 ENERO 2013 \u00a9 Miguel L\u00f3pez\" src=\"http:\/\/www.escritorescantabros.com\/wp-content\/uploads\/El-consejero-de-Cultura-con-miembros-de-la-Sociedad-C\u00e1ntabra-de-Escritores--300x274.jpg\" alt=\"\" width=\"300\" height=\"274\" srcset=\"https:\/\/www.escritorescantabros.com\/wp-content\/uploads\/El-consejero-de-Cultura-con-miembros-de-la-Sociedad-C\u00e1ntabra-de-Escritores--300x274.jpg 300w, https:\/\/www.escritorescantabros.com\/wp-content\/uploads\/El-consejero-de-Cultura-con-miembros-de-la-Sociedad-C\u00e1ntabra-de-Escritores-.jpg 788w\" sizes=\"(max-width: 300px) 100vw, 300px\" \/><\/a>El consejero de Educaci\u00f3n, Cultura y Deportes, Miguel \u00c1ngel Serna, acompa\u00f1ado del director de Cultura, Joaqu\u00edn Solanas, recibi\u00f3 a varios miembros de la Sociedad C\u00e1ntabra de Escritores, entre ellos la presidenta, Delia Laguillo; el vicepresidente, Pedro Arce y el tesorero, Isidro Rodr\u00edguez Castanedo.<\/p>\n<p>En la reuni\u00f3n, Laguillo mostr\u00f3 al consejero las diversas publicaciones colectivas que la Consejer\u00eda ha financiado a esta asociaci\u00f3n, entre ellos los poemarios, <em>Amaneceres<\/em> (2010), <em>Balconadas<\/em> (2011), y el \u00faltimo, titulado <em>Sue\u00f1os <\/em>(2012), de relatos breves. Esta asociaci\u00f3n, donde entre sus miembros hay varios que no han publicado ning\u00fan libro, pretende ofrecer una plataforma para que \u00e9stos \u00faltimos lo hagan en este tipo de obras. En todos los libros\u00a0s\u00f3lo pueden participar los miembros de esta asociaci\u00f3n, sin que puedan incluirse el resto de los escritores de Cantabria.<\/p>\n<p>Pr\u00f3ximamente, y tal como ha anunciado la presidenta de la asociaci\u00f3n, Delia Laguillo, se prepara otro con las mismas caracter\u00edsticas y restricciones sobre ensayos, tambi\u00e9n financiado por el Gobierno de Cantabria.<\/p>\n","protected":false},"excerpt":{"rendered":"<p>El consejero de Educaci\u00f3n, Cultura y Deportes, Miguel \u00c1ngel Serna, acompa\u00f1ado del director de Cultura, Joaqu\u00edn Solanas, recibi\u00f3 a varios miembros de la Sociedad C\u00e1ntabra de Escritores, entre ellos la presidenta, Delia Laguillo; el vicepresidente, Pedro Arce y el tesorero, &hellip; <a href=\"https:\/\/www.escritorescantabros.com\/?p=1793\">Sigue leyendo <span class=\"meta-nav\">&rarr;<\/span><\/a><\/p>\n","protected":false},"author":1,"featured_media":1794,"comment_status":"open","ping_status":"open","sticky":false,"template":"","format":"standard","meta":{"footnotes":""},"categories":[1],"tags":[],"_links":{"self":[{"href":"https:\/\/www.escritorescantabros.com\/index.php?rest_route=\/wp\/v2\/posts\/1793"}],"collection":[{"href":"https:\/\/www.escritorescantabros.com\/index.php?rest_route=\/wp\/v2\/posts"}],"about":[{"href":"https:\/\/www.escritorescantabros.com\/index.php?rest_route=\/wp\/v2\/types\/post"}],"author":[{"embeddable":true,"href":"https:\/\/www.escritorescantabros.com\/index.php?rest_route=\/wp\/v2\/users\/1"}],"replies":[{"embeddable":true,"href":"https:\/\/www.escritorescantabros.com\/index.php?rest_route=%2Fwp%2Fv2%2Fcomments&post=1793"}],"version-history":[{"count":2,"href":"https:\/\/www.escritorescantabros.com\/index.php?rest_route=\/wp\/v2\/posts\/1793\/revisions"}],"predecessor-version":[{"id":1796,"href":"https:\/\/www.escritorescantabros.com\/index.php?rest_route=\/wp\/v2\/posts\/1793\/revisions\/1796"}],"wp:featuredmedia":[{"embeddable":true,"href":"https:\/\/www.escritorescantabros.com\/index.php?rest_route=\/wp\/v2\/media\/1794"}],"wp:attachment":[{"href":"https:\/\/www.escritorescantabros.com\/index.php?rest_route=%2Fwp%2Fv2%2Fmedia&parent=1793"}],"wp:term":[{"taxonomy":"category","embeddable":true,"href":"https:\/\/www.escritorescantabros.com\/index.php?rest_route=%2Fwp%2Fv2%2Fcategories&post=1793"},{"taxonomy":"post_tag","embeddable":true,"href":"https:\/\/www.escritorescantabros.com\/index.php?rest_route=%2Fwp%2Fv2%2Ftags&post=1793"}],"curies":[{"name":"wp","href":"https:\/\/api.w.org\/{rel}","templated":true}]}}