{"id":1804,"date":"2013-01-24T23:33:28","date_gmt":"2013-01-24T23:33:28","guid":{"rendered":"http:\/\/www.escritorescantabros.com\/?p=1804"},"modified":"2013-01-24T23:33:28","modified_gmt":"2013-01-24T23:33:28","slug":"100-anecdotas-del-racing-de-francisco-diez-y-aser-falagan","status":"publish","type":"post","link":"https:\/\/www.escritorescantabros.com\/?p=1804","title":{"rendered":"100 an\u00e9cdotas del Racing, de Francisco D\u00edez y Aser Falag\u00e1n"},"content":{"rendered":"<p>\u201cEl Racing ha llegado a su centenario en una situaci\u00f3n cr\u00edtica, algo que desgraciadamente ha sido una constante a lo largo de su historia, con contadas excepciones\u201d. As\u00ed nos introducen en esta publicaci\u00f3n los periodistas Francisco D\u00edez y Aser Falag\u00e1n que han lanzado este libro de peque\u00f1o formato con el subt\u00edtulo de \u201cUn centenario del rev\u00e9s\u201d y en donde se resumen m\u00e1s de un centenar de an\u00e9cdotas \u201cque cuentan los abuelos a los nietos o los padres a los hijos un domingo justo antes de entrar al estadio, y que han calado en la mente colectiva de los aficionados racinguistas\u201d.<\/p>\n<p>Francisco D\u00edez (Santander, 1974) ha trabajado en diversos medios de comunicaci\u00f3n, tocando la prensa, la radio y la televisi\u00f3n. Fue director de publicaciones como <em>Fondo Norte<\/em>, <em>El Malec\u00f3n<\/em>, <em>DxT Cantabria<\/em> y <em>Gu\u00eda G Cantabria<\/em>. Ha sido director de <em>Radio Pi\u00e9lagos<\/em> y jefe de deportes en <em>TeleCabarga<\/em>. Tambi\u00e9n es autor del libro de relatos As\u00ed en la tierra como en el cine.<\/p>\n<p>Aser Falag\u00e1n (Santander, 1978) trabaj\u00f3 en <em>El Diario Monta\u00f1\u00e9s<\/em> desde 2000 y desde 2008 hasta 2012 fue responsable de deportes de <em>El Mundo Cantabria<\/em>. Ha colaborado en otros medios escritos, participando en ediciones colectivas y realizando diversos trabajos de dise\u00f1o y edici\u00f3n.<\/p>\n","protected":false},"excerpt":{"rendered":"<p>\u201cEl Racing ha llegado a su centenario en una situaci\u00f3n cr\u00edtica, algo que desgraciadamente ha sido una constante a lo largo de su historia, con contadas excepciones\u201d. As\u00ed nos introducen en esta publicaci\u00f3n los periodistas Francisco D\u00edez y Aser Falag\u00e1n &hellip; <a href=\"https:\/\/www.escritorescantabros.com\/?p=1804\">Sigue leyendo <span class=\"meta-nav\">&rarr;<\/span><\/a><\/p>\n","protected":false},"author":1,"featured_media":1805,"comment_status":"open","ping_status":"open","sticky":false,"template":"","format":"standard","meta":{"footnotes":""},"categories":[4],"tags":[],"_links":{"self":[{"href":"https:\/\/www.escritorescantabros.com\/index.php?rest_route=\/wp\/v2\/posts\/1804"}],"collection":[{"href":"https:\/\/www.escritorescantabros.com\/index.php?rest_route=\/wp\/v2\/posts"}],"about":[{"href":"https:\/\/www.escritorescantabros.com\/index.php?rest_route=\/wp\/v2\/types\/post"}],"author":[{"embeddable":true,"href":"https:\/\/www.escritorescantabros.com\/index.php?rest_route=\/wp\/v2\/users\/1"}],"replies":[{"embeddable":true,"href":"https:\/\/www.escritorescantabros.com\/index.php?rest_route=%2Fwp%2Fv2%2Fcomments&post=1804"}],"version-history":[{"count":2,"href":"https:\/\/www.escritorescantabros.com\/index.php?rest_route=\/wp\/v2\/posts\/1804\/revisions"}],"predecessor-version":[{"id":1807,"href":"https:\/\/www.escritorescantabros.com\/index.php?rest_route=\/wp\/v2\/posts\/1804\/revisions\/1807"}],"wp:featuredmedia":[{"embeddable":true,"href":"https:\/\/www.escritorescantabros.com\/index.php?rest_route=\/wp\/v2\/media\/1805"}],"wp:attachment":[{"href":"https:\/\/www.escritorescantabros.com\/index.php?rest_route=%2Fwp%2Fv2%2Fmedia&parent=1804"}],"wp:term":[{"taxonomy":"category","embeddable":true,"href":"https:\/\/www.escritorescantabros.com\/index.php?rest_route=%2Fwp%2Fv2%2Fcategories&post=1804"},{"taxonomy":"post_tag","embeddable":true,"href":"https:\/\/www.escritorescantabros.com\/index.php?rest_route=%2Fwp%2Fv2%2Ftags&post=1804"}],"curies":[{"name":"wp","href":"https:\/\/api.w.org\/{rel}","templated":true}]}}