{"id":2258,"date":"2013-07-31T21:09:09","date_gmt":"2013-07-31T21:09:09","guid":{"rendered":"http:\/\/www.escritorescantabros.com\/?p=2258"},"modified":"2013-08-02T09:16:56","modified_gmt":"2013-08-02T09:16:56","slug":"ramon-viadero-presentara-el-31-de-julio-en-el-ateneo-de-santander-su-nueva-obra-crimenes-poco-ejemplares","status":"publish","type":"post","link":"https:\/\/www.escritorescantabros.com\/?p=2258","title":{"rendered":"Ram\u00f3n Viadero presenta en el Ateneo de Santander su nueva obra, \u2018Cr\u00edmenes poco ejemplares\u2019"},"content":{"rendered":"<p><a href=\"http:\/\/www.escritorescantabros.com\/?attachment_id=2259\" rel=\"attachment wp-att-2259\"><img loading=\"lazy\" decoding=\"async\" class=\"alignleft size-medium wp-image-2259\" title=\"Ram\u00f3n Saiz Viadero\" src=\"http:\/\/www.escritorescantabros.com\/wp-content\/uploads\/Ram\u00f3n-Saiz-Viadero1-300x280.jpg\" alt=\"\" width=\"300\" height=\"280\" srcset=\"https:\/\/www.escritorescantabros.com\/wp-content\/uploads\/Ram\u00f3n-Saiz-Viadero1-300x280.jpg 300w, https:\/\/www.escritorescantabros.com\/wp-content\/uploads\/Ram\u00f3n-Saiz-Viadero1.jpg 714w\" sizes=\"(max-width: 300px) 100vw, 300px\" \/><\/a>El escritor Ram\u00f3n Saiz Viadero present\u00f3 en el Ateneo de Santander, su \u00faltimo libro titulado \u2018Cr\u00edmenes poco ejemplares. La cr\u00f3nica negra en Cantabria\u2019, editado por Librucos.<\/p>\n<p>El acto de presentaci\u00f3n estuvo a cargo del magistrado del Tribunal Superior de Justicia de Cantabria, Santiago P\u00e9rez Obreg\u00f3n.<\/p>\n<p>El libro recoge una selecci\u00f3n de relatos de los cr\u00edmenes m\u00e1s relevantes de Cantabria en los tres \u00faltimos siglos. Contiene m\u00e1s de cuarenta historias que en su d\u00eda alcanzaron cierta notoriedad en la prensa y que ahora se reviven mediante la utilizaci\u00f3n de una s\u00edntesis descriptiva no exenta de la capacidad de an\u00e1lisis, tanto de los pasos dados por los asesinos como de las pesquisas policiales y procesos judiciales.<\/p>\n<p>Jos\u00e9 Ram\u00f3n Saiz Viadero naci\u00f3 en Santander el 7 de mayo de 1941. Es autor de libros como \u2018Gu\u00eda secreta de Santander\u2019, en colaboraci\u00f3n con Pedro Vall\u00e9s (1975, 1976 y 1977); \u2018Conversaciones con la Mary Loly\u2019, (1976, 1981); \u2018Cr\u00f3nicas de la guerra civil en Santander\u2019 (1979); \u2018Cr\u00f3nicas republicanas\u2019 (1981); \u2018Comer en Cantabria\u2019 (1981); \u2018Diccionario para uso de raqueros\u2019\u00a0 (1983 y 1995), \u2018Cantabria en el siglo XX. Pol\u00edtica, sociedad y cultura\u2019 (1990); \u2018El cine de los realizadores c\u00e1ntabros\u2019 (1990); \u2018Jes\u00fas Garay, cineasta\u2019 (1990); \u2018Gu\u00eda sentimental de Santander\u2019 (1991); \u2018Infancia y juventud de Le\u00f3n Felipe\u2019 (1995), \u2018Los visitantes de San Quint\u00edn\u2019 (1995); \u2018Cuando Laredo fue Hollywood\u2019 (1997); \u2018Historia y antolog\u00eda de la poes\u00eda femenina en Cantabria\u2019 (1997 y 1998); \u2018Cien a\u00f1os de prensa peri\u00f3dica en Cantabria\u2019 (1998); \u2018Una historia de cine en Cantabria\u2019 (1999); \u2018Rafael L\u00f3pez Rienda, un cineasta olvidado\u2019 (1999); \u2018Rafael L\u00f3pez Rienda y Ricardo N\u00fa\u00f1ez: una relaci\u00f3n profesional frustrada\u2019 (1999); \u2018Mercedes Alonso y el cine\u2019, con Gabriel Porras (2001); \u2018Julio N\u00fa\u00f1ez, comediante\u2019 (2002), junto con Gabriel Porras; \u2018Santander, una ciudad de cine\u2019 (2005); \u2018Santander. Monumentos y motivos ornamentales\u2019 (2006) y \u2018Las p\u00e1ginas femeninas de Matilde Zapata\u2019 (2007), entre otros.<\/p>\n<p>Ha colaborado en varias publicaciones colectivas y tambi\u00e9n ha editado obras como \u2018Santander, mar y poes\u00eda\u2019 (1991), \u2018Nueve nov\u00edsimos de la poes\u00eda en Cantabria\u2019 (1998), \u2018La llegada del cinemat\u00f3grafo a Espa\u00f1a\u2019 (1998), \u2018Cinco historias de brujas\u2019 (2001 y 2002 en braylle), \u2018El exilio republicano en Cantabria\u2019 (2001), \u2018Los primeros rodajes cinematogr\u00e1ficos en Espa\u00f1a\u2019 (2005) y la recopilaci\u00f3n de poemas en los respectivos y anuales homenajes a Ana Mar\u00eda Cagigal.<\/p>\n","protected":false},"excerpt":{"rendered":"<p>El escritor Ram\u00f3n Saiz Viadero present\u00f3 en el Ateneo de Santander, su \u00faltimo libro titulado \u2018Cr\u00edmenes poco ejemplares. La cr\u00f3nica negra en Cantabria\u2019, editado por Librucos. El acto de presentaci\u00f3n estuvo a cargo del magistrado del Tribunal Superior de Justicia &hellip; <a href=\"https:\/\/www.escritorescantabros.com\/?p=2258\">Sigue leyendo <span class=\"meta-nav\">&rarr;<\/span><\/a><\/p>\n","protected":false},"author":1,"featured_media":2259,"comment_status":"open","ping_status":"open","sticky":false,"template":"","format":"standard","meta":{"footnotes":""},"categories":[1],"tags":[],"_links":{"self":[{"href":"https:\/\/www.escritorescantabros.com\/index.php?rest_route=\/wp\/v2\/posts\/2258"}],"collection":[{"href":"https:\/\/www.escritorescantabros.com\/index.php?rest_route=\/wp\/v2\/posts"}],"about":[{"href":"https:\/\/www.escritorescantabros.com\/index.php?rest_route=\/wp\/v2\/types\/post"}],"author":[{"embeddable":true,"href":"https:\/\/www.escritorescantabros.com\/index.php?rest_route=\/wp\/v2\/users\/1"}],"replies":[{"embeddable":true,"href":"https:\/\/www.escritorescantabros.com\/index.php?rest_route=%2Fwp%2Fv2%2Fcomments&post=2258"}],"version-history":[{"count":7,"href":"https:\/\/www.escritorescantabros.com\/index.php?rest_route=\/wp\/v2\/posts\/2258\/revisions"}],"predecessor-version":[{"id":2295,"href":"https:\/\/www.escritorescantabros.com\/index.php?rest_route=\/wp\/v2\/posts\/2258\/revisions\/2295"}],"wp:featuredmedia":[{"embeddable":true,"href":"https:\/\/www.escritorescantabros.com\/index.php?rest_route=\/wp\/v2\/media\/2259"}],"wp:attachment":[{"href":"https:\/\/www.escritorescantabros.com\/index.php?rest_route=%2Fwp%2Fv2%2Fmedia&parent=2258"}],"wp:term":[{"taxonomy":"category","embeddable":true,"href":"https:\/\/www.escritorescantabros.com\/index.php?rest_route=%2Fwp%2Fv2%2Fcategories&post=2258"},{"taxonomy":"post_tag","embeddable":true,"href":"https:\/\/www.escritorescantabros.com\/index.php?rest_route=%2Fwp%2Fv2%2Ftags&post=2258"}],"curies":[{"name":"wp","href":"https:\/\/api.w.org\/{rel}","templated":true}]}}