{"id":3036,"date":"2014-04-25T19:04:20","date_gmt":"2014-04-25T19:04:20","guid":{"rendered":"http:\/\/www.escritorescantabros.com\/?p=3036"},"modified":"2014-04-25T19:04:20","modified_gmt":"2014-04-25T19:04:20","slug":"luna-blanca-de-tomas-maza-solano","status":"publish","type":"post","link":"https:\/\/www.escritorescantabros.com\/?p=3036","title":{"rendered":"\u2018Luna blanca\u2019, de Tom\u00e1s Maza Solano"},"content":{"rendered":"<p style=\"text-align: left;\"><a href=\"http:\/\/www.escritorescantabros.com\/?attachment_id=3037\" rel=\"attachment wp-att-3037\"><img loading=\"lazy\" decoding=\"async\" class=\"alignleft size-medium wp-image-3037\" title=\"Portada de Luna blanca\" src=\"http:\/\/www.escritorescantabros.com\/wp-content\/uploads\/Portada-de-Luna-blanca-220x300.jpg\" alt=\"\" width=\"220\" height=\"300\" srcset=\"https:\/\/www.escritorescantabros.com\/wp-content\/uploads\/Portada-de-Luna-blanca-220x300.jpg 220w, https:\/\/www.escritorescantabros.com\/wp-content\/uploads\/Portada-de-Luna-blanca.jpg 644w\" sizes=\"(max-width: 220px) 100vw, 220px\" \/><\/a>Recientemente reeditado por el Ayuntamiento de El Astillero y el Centro de Estudios Monta\u00f1eses, este libro de peque\u00f1o formato, con medio centenar de poemas de Tom\u00e1s Maza Solano, tiene como especial el hecho de que es la \u00fanica obra de car\u00e1cter l\u00edrico de este autor a pesar de la ingente producci\u00f3n de libros, art\u00edculos y colaboraciones en diversos peri\u00f3dicos que llev\u00f3 a cabo a lo largo de su vida.<\/p>\n<p style=\"text-align: left;\">El libro lo edit\u00f3 el propio Maza Solano para sus amigos en 1962, cuando ten\u00eda 71 a\u00f1os, y en \u00e9l se abordan cuestiones como la naturaleza y sus diversas manifestaciones y una espiritualidad basada en su fe religiosa.<\/p>\n<p style=\"text-align: left;\">\u00a0Tom\u00e1s Maza Solano (Guarnizo 1891-1975) fue hombre clave para el nacimiento e impulso de instituciones culturales de Cantabria como el Centro de Estudios Monta\u00f1eses, la Sociedad Men\u00e9ndez Pelayo, la Universidad Internacional de Verano y el Ateneo de Santander, entre otras. Fue investigador de nuestro folclore con estudios realizados con Jos\u00e9 Mar\u00eda de Coss\u00edo. Entre sus publicaciones sobresalen \u2018La poes\u00eda en la Monta\u00f1a\u2019 (1920) y sobre todo la recopilaci\u00f3n del \u2018Romancero popular de la Mnta\u00f1a\u2019 (1913), en colaboraci\u00f3n con Jos\u00e9 Mar\u00eda de Coss\u00edo. Nombrado Hijo Predilecto de El Astillero en 1948, tiene una calle con su nombre en esta localidad.<\/p>\n","protected":false},"excerpt":{"rendered":"<p>Recientemente reeditado por el Ayuntamiento de El Astillero y el Centro de Estudios Monta\u00f1eses, este libro de peque\u00f1o formato, con medio centenar de poemas de Tom\u00e1s Maza Solano, tiene como especial el hecho de que es la \u00fanica obra de &hellip; <a href=\"https:\/\/www.escritorescantabros.com\/?p=3036\">Sigue leyendo <span class=\"meta-nav\">&rarr;<\/span><\/a><\/p>\n","protected":false},"author":1,"featured_media":3037,"comment_status":"open","ping_status":"open","sticky":false,"template":"","format":"standard","meta":{"footnotes":""},"categories":[4],"tags":[],"_links":{"self":[{"href":"https:\/\/www.escritorescantabros.com\/index.php?rest_route=\/wp\/v2\/posts\/3036"}],"collection":[{"href":"https:\/\/www.escritorescantabros.com\/index.php?rest_route=\/wp\/v2\/posts"}],"about":[{"href":"https:\/\/www.escritorescantabros.com\/index.php?rest_route=\/wp\/v2\/types\/post"}],"author":[{"embeddable":true,"href":"https:\/\/www.escritorescantabros.com\/index.php?rest_route=\/wp\/v2\/users\/1"}],"replies":[{"embeddable":true,"href":"https:\/\/www.escritorescantabros.com\/index.php?rest_route=%2Fwp%2Fv2%2Fcomments&post=3036"}],"version-history":[{"count":2,"href":"https:\/\/www.escritorescantabros.com\/index.php?rest_route=\/wp\/v2\/posts\/3036\/revisions"}],"predecessor-version":[{"id":3039,"href":"https:\/\/www.escritorescantabros.com\/index.php?rest_route=\/wp\/v2\/posts\/3036\/revisions\/3039"}],"wp:featuredmedia":[{"embeddable":true,"href":"https:\/\/www.escritorescantabros.com\/index.php?rest_route=\/wp\/v2\/media\/3037"}],"wp:attachment":[{"href":"https:\/\/www.escritorescantabros.com\/index.php?rest_route=%2Fwp%2Fv2%2Fmedia&parent=3036"}],"wp:term":[{"taxonomy":"category","embeddable":true,"href":"https:\/\/www.escritorescantabros.com\/index.php?rest_route=%2Fwp%2Fv2%2Fcategories&post=3036"},{"taxonomy":"post_tag","embeddable":true,"href":"https:\/\/www.escritorescantabros.com\/index.php?rest_route=%2Fwp%2Fv2%2Ftags&post=3036"}],"curies":[{"name":"wp","href":"https:\/\/api.w.org\/{rel}","templated":true}]}}