{"id":4009,"date":"2015-06-01T22:36:27","date_gmt":"2015-06-01T22:36:27","guid":{"rendered":"http:\/\/www.escritorescantabros.com\/?p=4009"},"modified":"2015-06-01T22:41:01","modified_gmt":"2015-06-01T22:41:01","slug":"ateneo-popular-de-santander-de-fernando-de-vierna","status":"publish","type":"post","link":"https:\/\/www.escritorescantabros.com\/?p=4009","title":{"rendered":"&#8216;Ateneo Popular de Santander&#8217;, de Fernando de Vierna"},"content":{"rendered":"<p><span style=\"line-height: 115%; font-family: 'Times New Roman','serif'; font-size: 14pt;\"><a href=\"http:\/\/www.escritorescantabros.com\/wp-content\/uploads\/Portada-Ateneo-Popular.jpg\"><img loading=\"lazy\" decoding=\"async\" class=\"alignleft size-medium wp-image-4001\" src=\"http:\/\/www.escritorescantabros.com\/wp-content\/uploads\/Portada-Ateneo-Popular-208x300.jpg\" alt=\"Portada Ateneo Popular\" width=\"208\" height=\"300\" srcset=\"https:\/\/www.escritorescantabros.com\/wp-content\/uploads\/Portada-Ateneo-Popular-208x300.jpg 208w, https:\/\/www.escritorescantabros.com\/wp-content\/uploads\/Portada-Ateneo-Popular.jpg 658w\" sizes=\"(max-width: 208px) 100vw, 208px\" \/><\/a>Tras quince a\u00f1os de investigaci\u00f3n, el escritor y editor Fernando de Vierna ha completado su trabajo para recuperar lo que en su criterio fue \u00abla m\u00e1s importante entidad cultural privada que ha existido en Cantabria\u00bb.<\/span><\/p>\n<p><span style=\"line-height: 115%; font-family: 'Times New Roman','serif'; font-size: 14pt;\">El libro, editado por el Centro de Estudios Monta\u00f1eses y la editorial &#8216;Librucos&#8217;, est\u00e1 prologado por Jos\u00e9 Ram\u00f3n Saiz Viadero y\u00a0muestra la importante labor del Ateneo Popular de Santander que\u00a0brind\u00f3 a\u00a0esta ciudad\u00a0un enorme servicio cultural \u00absocializando la cultura\u00bb, incluyendo escuelas donde se impart\u00edan clases de idiomas (entre ellos el esperanto), gram\u00e1tica, taquigraf\u00eda, aritm\u00e9tica, matem\u00e1ticas, contabilidad\u00a0y otras materias.<\/span><\/p>\n<p>En el libro, Vierna plantea en primer lugar una referencia de los antecedentes del Ateneo Popular, como fueron la Asociaci\u00f3n de Cultura Ateneo Popular y el Orfe\u00f3n Cultura. Despu\u00e9s repasa la historia, a\u00f1o por a\u00f1o, del Ateneo Popular (1925-1937), analizando cada uno de sus presidentes, directivas y secciones. Posteriormente profundiza sobre la labor pedag\u00f3gica de la entidad, as\u00ed como su funci\u00f3n cultural, para\u00a0acabar repasando\u00a0el proceso de adquisici\u00f3n e incautaci\u00f3n de la sede.<\/p>\n<p><span style=\"line-height: 115%; font-family: 'Times New Roman','serif'; font-size: 14pt;\">Entre otras actividades, Fernando de Vierna\u00a0(Santander, 1957) es editor de\u00a0las carpetas \u2018Exordio\u2019 desde 2003, un proyecto personal que ha recorrido las trayectorias de personajes e instituciones como las de Gonzalo Bedia, Jos\u00e9 Hierro, Daniel Gil, Ricardo Gull\u00f3n, el Ateneo Popular o el Centro de Estudios Monta\u00f1eses. Fue uno de los impulsores de los homenajes a Miguel Artigas y a El\u00edas Ortiz de la Torre, en Astillero, en marzo de 2008, y autor de una biograf\u00eda de este \u00faltimo. Tambi\u00e9n fue el creador de la colecci\u00f3n Muelle de Anaos que recuper\u00f3 obras escasamente conocidas de autores c\u00e1ntabros de siglos pasados y coordin\u00f3 el libro \u2018LXXV Aniversario del Centro de Estudios Monta\u00f1eses (1934-2009)\u2019 que repasa la historia de los primeros setenta y cinco a\u00f1os de la entidad.<\/span><\/p>\n<p>&nbsp;<\/p>\n<p>&nbsp;<\/p>\n","protected":false},"excerpt":{"rendered":"<p>Tras quince a\u00f1os de investigaci\u00f3n, el escritor y editor Fernando de Vierna ha completado su trabajo para recuperar lo que en su criterio fue \u00abla m\u00e1s importante entidad cultural privada que ha existido en Cantabria\u00bb. El libro, editado por el &hellip; <a href=\"https:\/\/www.escritorescantabros.com\/?p=4009\">Sigue leyendo <span class=\"meta-nav\">&rarr;<\/span><\/a><\/p>\n","protected":false},"author":1,"featured_media":4001,"comment_status":"open","ping_status":"open","sticky":false,"template":"","format":"standard","meta":{"footnotes":""},"categories":[4],"tags":[],"_links":{"self":[{"href":"https:\/\/www.escritorescantabros.com\/index.php?rest_route=\/wp\/v2\/posts\/4009"}],"collection":[{"href":"https:\/\/www.escritorescantabros.com\/index.php?rest_route=\/wp\/v2\/posts"}],"about":[{"href":"https:\/\/www.escritorescantabros.com\/index.php?rest_route=\/wp\/v2\/types\/post"}],"author":[{"embeddable":true,"href":"https:\/\/www.escritorescantabros.com\/index.php?rest_route=\/wp\/v2\/users\/1"}],"replies":[{"embeddable":true,"href":"https:\/\/www.escritorescantabros.com\/index.php?rest_route=%2Fwp%2Fv2%2Fcomments&post=4009"}],"version-history":[{"count":5,"href":"https:\/\/www.escritorescantabros.com\/index.php?rest_route=\/wp\/v2\/posts\/4009\/revisions"}],"predecessor-version":[{"id":4014,"href":"https:\/\/www.escritorescantabros.com\/index.php?rest_route=\/wp\/v2\/posts\/4009\/revisions\/4014"}],"wp:featuredmedia":[{"embeddable":true,"href":"https:\/\/www.escritorescantabros.com\/index.php?rest_route=\/wp\/v2\/media\/4001"}],"wp:attachment":[{"href":"https:\/\/www.escritorescantabros.com\/index.php?rest_route=%2Fwp%2Fv2%2Fmedia&parent=4009"}],"wp:term":[{"taxonomy":"category","embeddable":true,"href":"https:\/\/www.escritorescantabros.com\/index.php?rest_route=%2Fwp%2Fv2%2Fcategories&post=4009"},{"taxonomy":"post_tag","embeddable":true,"href":"https:\/\/www.escritorescantabros.com\/index.php?rest_route=%2Fwp%2Fv2%2Ftags&post=4009"}],"curies":[{"name":"wp","href":"https:\/\/api.w.org\/{rel}","templated":true}]}}