{"id":5418,"date":"2018-12-11T09:30:36","date_gmt":"2018-12-11T09:30:36","guid":{"rendered":"http:\/\/www.escritorescantabros.com\/?p=5418"},"modified":"2020-08-08T16:51:52","modified_gmt":"2020-08-08T16:51:52","slug":"la-rebelion-contra-el-olvido-de-raul-gomez-samperio","status":"publish","type":"post","link":"https:\/\/www.escritorescantabros.com\/?p=5418","title":{"rendered":"&#8216;La rebeli\u00f3n contra el olvido&#8217;, de Ra\u00fal G\u00f3mez Samperio"},"content":{"rendered":"<p><img loading=\"lazy\" decoding=\"async\" class=\"alignleft size-medium wp-image-6449\" src=\"http:\/\/www.escritorescantabros.com\/wp-content\/uploads\/Portada-Nueva-color-197x300.jpg\" alt=\"\" width=\"197\" height=\"300\" srcset=\"https:\/\/www.escritorescantabros.com\/wp-content\/uploads\/Portada-Nueva-color-197x300.jpg 197w, https:\/\/www.escritorescantabros.com\/wp-content\/uploads\/Portada-Nueva-color-768x1168.jpg 768w, https:\/\/www.escritorescantabros.com\/wp-content\/uploads\/Portada-Nueva-color-673x1024.jpg 673w, https:\/\/www.escritorescantabros.com\/wp-content\/uploads\/Portada-Nueva-color.jpg 1826w\" sizes=\"(max-width: 197px) 100vw, 197px\" \/>En su primera experiencia como editora de libros, la Fundaci\u00f3n Real Racing Club, con &#8216;La rebeli\u00f3n contra el olvido. Nando Yosu y otras historias racinguistas&#8217;, de Ra\u00fal G\u00f3mez Samperio, pretende impulsar el proyecto del monumento al que fuera jugador y entrenador racinguista, Nando Yosu.<\/p>\n<p>\u2018La rebeli\u00f3n contra el olvido\u2019 se compone de 56 historias racinguistas de Ra\u00fal G\u00f3mez Samperio que ha donado los derechos al proyecto del monumento a Nando Yosu que llevar\u00e1 a cabo el artista c\u00e1ntabro Jos\u00e9 Cobo Calder\u00f3n. Los art\u00edculos han sido seleccionados por el escritor y cr\u00edtico literario Javier Men\u00e9ndez Llamazares entre los que el autor ha publicado en <em>El Diario Monta\u00f1\u00e9s<\/em> y se han agrupado en once tem\u00e1ticas: Los porteros, los futbolistas distintos; goles inolvidables; goleadores, jugadores m\u00e1gicos; los grandes mitos; \u00e9xitos y proezas; los presidentes; equipos de ensue\u00f1o; en torno a la muerte; templos de f\u00fatbol; los entrenadores, generales de la batalla y en los albores del racinguismo.<\/p>\n<p>La portada y contraportada, el dise\u00f1o y las ilustraciones interiores han sido obra de Fernando Gonz\u00e1lez-Riancho y Tres DG, que tambi\u00e9n han colaborado en la publicaci\u00f3n desinteresadamente.<\/p>\n<p><strong>El autor: Ra\u00fal G\u00f3mez Samperio<\/strong><\/p>\n<p><img loading=\"lazy\" decoding=\"async\" class=\"alignleft size-medium wp-image-6838\" src=\"http:\/\/www.escritorescantabros.com\/wp-content\/uploads\/Rau\u0301l-copia-222x300.jpg\" alt=\"\" width=\"222\" height=\"300\" srcset=\"https:\/\/www.escritorescantabros.com\/wp-content\/uploads\/Rau\u0301l-copia-222x300.jpg 222w, https:\/\/www.escritorescantabros.com\/wp-content\/uploads\/Rau\u0301l-copia.jpg 622w\" sizes=\"(max-width: 222px) 100vw, 222px\" \/><strong>Ra\u00fal G\u00f3mez Samperio<\/strong> (Santander, 1956 curs\u00f3 los estudios de primaria, bachillerato y COU en el colegio de los Salesianos de Santander. Es <strong>Licenciado en Ciencias de la Informaci\u00f3n<\/strong> por la Universidad Complutense de Madrid (1983) y <strong>Licenciado en Educaci\u00f3n F\u00edsica<\/strong> por el INEF (Instituto Nacional de Educaci\u00f3n F\u00edsica) de la Universidad Polit\u00e9cnica de Madrid (1985). <strong>Doctor por la Universidad de Cantabria<\/strong> en Pensamiento, Lengua y Cultura, su tesis doctoral, calificada con sobresaliente, trat\u00f3 sobre \u201cJos\u00e9 Mar\u00eda de Coss\u00edo y su influencia en la incorporaci\u00f3n de la tem\u00e1tica futbol\u00edstica en la poes\u00eda espa\u00f1ola del siglo XX\u201d (2016).<\/p>\n<p>Fue uno de los alumnos de la Facultad de Ciencias de la Informaci\u00f3n que asisti\u00f3 al I Curso de Perfeccionamiento Period\u00edstico organizado por <em>El Pa\u00eds<\/em> (1983).<\/p>\n<p>Como ponente ha participado, entre otros, en el curso de Comunicaci\u00f3n en las Instituciones y Empresas (Astillero, noviembre 2000), en el I Congreso \u201cInternet en el Turismo: presente y futuro del sector\u201d (Noja, diciembre 2001); en las Primeras Jornadas del Departamento de Filolog\u00eda de la Universidad de Cantabria \u201cEncuentro de lenguas y literaturas\u201d (Santander, 14 y 15 de noviembre de 2003), en la jornada sobre historia deportiva dirigida por Ram\u00f3n Torralbo, dentro de los cursos de verano de la UC con su conferencia \u2018El origen y desarrollo del f\u00fatbol en Cantabria. Presente y futuro del Real Racing Club\u2019 (Colindres, 4 de julio de 2013); en el Encuentro \u2018Coss\u00edo, el f\u00fatbol y el 27 y la amistad de Coss\u00edo con Rafael Alberti\u2019, jornada literaria enmarcada dentro de los Cursos de Verano de la Universidad de Cantabria (Tudanca, 21 de julio de 2016); en el III Congreso de Cantabria sobre \u2018Destinos del exilio republicano\u2019 celebrado el 20 y 21 de junio de 2019 en la UNED Cantabria organizado por la Fundaci\u00f3n Bruno Alonso con la intervenci\u00f3n: \u2018Enrique Larr\u00ednaga y Fernando Garc\u00eda, dos racinguistas tras el bal\u00f3n exiliado\u2019 y dirigiendo la II edici\u00f3n de Conversaciones entre la Asociaci\u00f3n de Profesores de Espa\u00f1ol y la Real Sociedad Men\u00e9ndez Pelayo sobre Literatura y Deporte, celebradas en la Biblioteca Central de Cantabria entre el 28 y el 31 de enero de 2020, interviniendo con su conferencia \u2018Poema y cr\u00f3nica de un partido de f\u00fatbol en Santander, la Oda a Platko y la gesta de un guardameta\u2019. Tambi\u00e9n ha impartido varias charlas y conferencias sobre la historia del f\u00fatbol en Cantabria y ha asesorado las exposiciones \u2018Siempre Racing\u2019 (2008) y \u2018De cero a cien\u2019 (2013) sobre la historia del Racing, celebradas en el Palacete del Embarcadero y CASYC, respectivamente, as\u00ed como sobre la figura de Jos\u00e9 Mar\u00eda de Coss\u00edo en foros como el Centro de Estudios Monta\u00f1eses (2004), ADIC (2011) y la Biblioteca Central de Cantabria (2014).<\/p>\n<p><strong><u>Asociaciones<\/u><\/strong><\/p>\n<p>Es socio vitalicio de la Asociaci\u00f3n de Periodistas de Cantabria, de la que es miembro desde 1984. Tambi\u00e9n fue socio fundador de la SCE (Sociedad C\u00e1ntabra de Escritores) en 2001, asociaci\u00f3n de la que ha sido secretario y vicepresidente, hasta que se dio de baja en 2018 <strong>como protesta por los plagios consentidos<\/strong> que su junta directiva incluy\u00f3 en publicaciones editadas por esta asociaci\u00f3n. Tambi\u00e9n es miembro del Centro de Estudios Monta\u00f1eses desde 2004. Desde 2016 es presidente de la Asociaci\u00f3n Cultural Carlos Bribi\u00e1n y miembro de la Sociedad Men\u00e9ndez Pelayo, de la que forma parte de su junta directiva desde 2018. Fundador y secretario de la Pe\u00f1a Racinguista Coss\u00edo, fundada en la Casona de Tudanca en 2013, tambi\u00e9n es patr\u00f3n de la Fundaci\u00f3n Racing desde 2014.<\/p>\n<p><strong><u>Datos profesionales <\/u><\/strong><\/p>\n<p>Como periodista ha trabajado en diversos medios de comunicaci\u00f3n de Cantabria, alternando la informaci\u00f3n de car\u00e1cter general con la deportiva en <em>El Diario Monta\u00f1\u00e9s<\/em>, <em>Alerta<\/em> y <em>RNE<\/em>. Fue director de los servicios informativos de <em>Antena 3 de Radio<\/em> en Cantabria (1984\/1988) y posteriormente Jefe de Prensa del Gobierno de Cantabria en dos etapas diferentes (1988\/1991) y (1991\/1995), en cuyo departamento contin\u00faa desempe\u00f1ando su labor, asumiendo la direcci\u00f3n de la comunicaci\u00f3n institucional de varias Consejer\u00edas del Gobierno de Cantabria (Educaci\u00f3n; Medio Ambiente; Obras P\u00fablicas y Vivienda y en la actualidad Innovaci\u00f3n, Industria, Transporte y Comercio). Articulista habitual de <em>El Diario Monta\u00f1\u00e9s<\/em> (una selecci\u00f3n de art\u00edculos pueden leerse en <a href=\"http:\/\/www.raulgomezsamperio.com\">www.raulgomezsamperio.com<\/a>) es tambi\u00e9n director de la web: <a href=\"http:\/\/www.escritorescantabros.com\">www.escritorescantabros.com<\/a>.<\/p>\n<p>Ha colaborado en diversos medios de comunicaci\u00f3n audiovisuales, impresos y digitales. Ha participado en programas de Tele Bah\u00eda (2003) y Telecabarga (2006) divulgando facetas hist\u00f3ricas del deporte, participando en la actualidad en varias tertulias radiof\u00f3nicas (RNE, Radio F\u00fatbol, COPE, Arco FM). Entre los medios de comunicaci\u00f3n en los que ha colaborado se encuentran Pluma y pincel, Alerta, Piquio.com, Real Racing Club revista del abonado, Revista de Caja Cantabria, El Peri\u00f3dico del Racing, Sport Cantabria, Cantabria Econ\u00f3mica, Cantabria Aut\u00f3noma, Bah\u00eda Norte, F. C. F\u00fatbol, Cr\u00f3nica de Cantabria, L\u00edder, El Malec\u00f3n, El Mundo Cantabria, Fondo Norte, L\u00edder, Nordeste, Bolet\u00edn Informativo del Colegio de M\u00e9dicos de Cantabria, Nosotros, Deporte Cantabria, Consumidores de Cantabria, Sportlider.com, C\u00e1ntabros, Vivir en Cantabria, etc&#8230;<\/p>\n<p><strong>Premios<\/strong><\/p>\n<ul>\n<li>Primer premio del concurso literario conmemorativo del Centenario del Nacimiento del <em>Zurdo de Bielva<\/em> (1996).<\/li>\n<li>Primer premio del Concurso de Periodismo <em>Francisco Rivas Moreno <\/em>(1999) organizado por Caja Cantabria.<\/li>\n<\/ul>\n<p><strong>Libros<\/strong><\/p>\n<p>Con una importante experiencia en el mundo de la comunicaci\u00f3n institucional, public\u00f3<\/p>\n<ul>\n<li><em>Gabinetes de Prensa. La comunicaci\u00f3n en las instituciones y en las empresas<\/em>, junto con Miguel del R\u00edo, Jos\u00e9 \u00c1ngel San Mart\u00edn, Jos\u00e9 Emilio Pelayo, Javier Rodr\u00edguez, Juan Carlos del R\u00edo y Juan Jos\u00e9 Fraile, editado por Miguel del R\u00edo en Santander en 2001, que incluye su trabajo: \u201cHistoria, presente y futuro de los gabinetes de prensa institucionales en la comunidad aut\u00f3noma de Cantabria\u201d.<\/li>\n<\/ul>\n<p>Sin embargo, sus publicaciones se han centrado m\u00e1s en los temas deportivos, como:<\/p>\n<ul>\n<li><em>Quique Seti\u00e9n. El jugador de f\u00fatbol,<\/em> biograf\u00eda del futbolista del Real Racing Club, editado por Tant\u00edn en 1996 en Santander.<\/li>\n<li><em>Hacia el Centenario. Real Sociedad Gimn\u00e1stica de Torrelavega (1907\/1998)<\/em>, editado en 1998 por Caja Cantabria y el Ayuntamiento de Torrelavega.<\/li>\n<li><em>Futbolistas internacionales c\u00e1ntabros del siglo XX<\/em>, editado en Santander en 1999 por Caja Cantabria y el Real Racing Club.<\/li>\n<li><em>Rayo Cantabria (1926-2001). Vivero del Racing<\/em>, editado en Santander en 2002 por la Comisi\u00f3n Organizadora del 75 aniversario del club.<\/li>\n<li><em>Ferm\u00edn S\u00e1nchez (Pepe Monta\u00f1a). <\/em><em>Semblanza y gu\u00eda period\u00edstica del \u00faltimo rom\u00e1ntico del deporte<\/em>, editado por la Asociaci\u00f3n de la Prensa de Cantabria en 2006.<\/li>\n<li><em>Historias de Santander<\/em>, junto a Manuel Bartolom\u00e9, Fernando Vierna, Jos\u00e9 Luis S\u00e1nchez Landeras, Antonio Mora, \u00c1ngel Neila, Marisa del Campo, Delia Laguillo, Conchita Gallego, Isidro Rodr\u00edguez Castanedo y Luis de Escallada, editado por la SCE y el Ayuntamiento de Santander en 2006 que incluye su trabajo \u201cRey y f\u00fatbol en Santander\u201d.<\/li>\n<li><em>Decana Centenaria. Real Sociedad Gimn\u00e1stica de Torrelavega (1907-2007)<\/em>, junto a Jos\u00e9 Manuel Holgado, editado por <em>El Diario Monta\u00f1\u00e9s<\/em>.<\/li>\n<li><em>Un siglo con el Real Racing Club (1913-2013)<\/em>, (tres tomos) junto a Jos\u00e9 Manuel Holgado, editado por Grupo Publicitario Cruzial en 2013, 2014 y 2015.<\/li>\n<li><em>Aunque llueva o sople sur (1913-2013)<\/em>, junto a Gonzalo Colsa, Jes\u00fas Serrera, Alberto Santamar\u00eda, \u00c1lvaro Mach\u00edn, Javier Men\u00e9ndez Llamazares y Jos\u00e9 Manuel Holgado, editado por Editorial Cantabria de <em>El Diario Monta\u00f1\u00e9s<\/em> en 2013.<\/li>\n<li><em>Entretiempos<\/em>. Autor de los textos. Editado por Editorial Cantabria <em>El Diario Monta\u00f1\u00e9s<\/em> en 2013.<\/li>\n<li><em>La rebeli\u00f3n contra el olvido. Nando Yosu y otras historias racinguistas<\/em>. Editado por la Fundaci\u00f3n del Real Racing Club. 2017.<\/li>\n<\/ul>\n<p>Tambi\u00e9n ha participado en libros de car\u00e1cter colectivo no deportivos, como:<\/p>\n<ul>\n<li><em>Amaneceres<\/em>. Poemario de la Sociedad C\u00e1ntabra de Escritores en 2010<\/li>\n<li><em>Sue\u00f1os<\/em>. Cuentos y poemas costumbristas de la Sociedad C\u00e1ntabra de Escritores en 2012<\/li>\n<li><em>Hila\u2026 de la rima a la prosa<\/em>, de la Sociedad C\u00e1ntabra de Escritores en 2015.<\/li>\n<li><em> Arde Santander. Entretiempos<\/em>. Editado por Editorial Cantabria de <em>El Diario Monta\u00f1\u00e9s <\/em>en 2016.<\/li>\n<\/ul>\n<p><em>Otras publicaciones han sido:<\/em><\/p>\n<ul>\n<li><em><u>La Real Sociedad de Tenis de Santander, semilla de un deporte en Cantabria<\/u><\/em>, junto con Eduardo Garc\u00eda-Lago e incorporado al dossier internacional de prensa de la semifinal de la Copa Davis Espa\u00f1a-Estados Unidos celebrada en julio de 2000 en Santander, (ingl\u00e9s y castellano).<\/li>\n<li><em><u>Centenario del primer partido de f\u00fatbol jugado en Cantabria (1902-2002)<\/u><\/em>, folleto-cartel que divulg\u00f3 el hecho y anunci\u00f3 el partido conmemorativo del Centenario entre el Real Racing Club y la Real Sociedad Gimn\u00e1stica (categor\u00eda de veteranos) disputado el 11 de agosto de 2002 en las instalaciones racinguistas de La Albericia.<\/li>\n<li><em><u>Noventa aniversario Real Racing Club (1913-2003)<\/u><\/em>, junto con Jos\u00e9 Manuel Holgado, editado por <em>Onda Cero<\/em> y distribuido en el campo de f\u00fatbol de El Sardinero el 17 de mayo de 2003 durante el partido de Liga, Racing-Atl\u00e9tico de Madrid.<\/li>\n<\/ul>\n<p>&nbsp;<\/p>\n<p>&nbsp;<\/p>\n","protected":false},"excerpt":{"rendered":"<p>En su primera experiencia como editora de libros, la Fundaci\u00f3n Real Racing Club, con &#8216;La rebeli\u00f3n contra el olvido. Nando Yosu y otras historias racinguistas&#8217;, de Ra\u00fal G\u00f3mez Samperio, pretende impulsar el proyecto del monumento al que fuera jugador y &hellip; <a href=\"https:\/\/www.escritorescantabros.com\/?p=5418\">Sigue leyendo <span class=\"meta-nav\">&rarr;<\/span><\/a><\/p>\n","protected":false},"author":1,"featured_media":6449,"comment_status":"open","ping_status":"open","sticky":false,"template":"","format":"standard","meta":{"footnotes":""},"categories":[4],"tags":[],"_links":{"self":[{"href":"https:\/\/www.escritorescantabros.com\/index.php?rest_route=\/wp\/v2\/posts\/5418"}],"collection":[{"href":"https:\/\/www.escritorescantabros.com\/index.php?rest_route=\/wp\/v2\/posts"}],"about":[{"href":"https:\/\/www.escritorescantabros.com\/index.php?rest_route=\/wp\/v2\/types\/post"}],"author":[{"embeddable":true,"href":"https:\/\/www.escritorescantabros.com\/index.php?rest_route=\/wp\/v2\/users\/1"}],"replies":[{"embeddable":true,"href":"https:\/\/www.escritorescantabros.com\/index.php?rest_route=%2Fwp%2Fv2%2Fcomments&post=5418"}],"version-history":[{"count":8,"href":"https:\/\/www.escritorescantabros.com\/index.php?rest_route=\/wp\/v2\/posts\/5418\/revisions"}],"predecessor-version":[{"id":6840,"href":"https:\/\/www.escritorescantabros.com\/index.php?rest_route=\/wp\/v2\/posts\/5418\/revisions\/6840"}],"wp:featuredmedia":[{"embeddable":true,"href":"https:\/\/www.escritorescantabros.com\/index.php?rest_route=\/wp\/v2\/media\/6449"}],"wp:attachment":[{"href":"https:\/\/www.escritorescantabros.com\/index.php?rest_route=%2Fwp%2Fv2%2Fmedia&parent=5418"}],"wp:term":[{"taxonomy":"category","embeddable":true,"href":"https:\/\/www.escritorescantabros.com\/index.php?rest_route=%2Fwp%2Fv2%2Fcategories&post=5418"},{"taxonomy":"post_tag","embeddable":true,"href":"https:\/\/www.escritorescantabros.com\/index.php?rest_route=%2Fwp%2Fv2%2Ftags&post=5418"}],"curies":[{"name":"wp","href":"https:\/\/api.w.org\/{rel}","templated":true}]}}