{"id":6535,"date":"2019-08-16T12:31:39","date_gmt":"2019-08-16T12:31:39","guid":{"rendered":"http:\/\/www.escritorescantabros.com\/?p=6535"},"modified":"2019-08-16T22:09:39","modified_gmt":"2019-08-16T22:09:39","slug":"el-homenaje-a-gema-rebolledo-se-celebrara-el-viernes-16-en-inder-espacio","status":"publish","type":"post","link":"https:\/\/www.escritorescantabros.com\/?p=6535","title":{"rendered":"El homenaje a Gema Rebolledo culmina con su lectura p\u00f3stuma de un poema in\u00e9dito de Jos\u00e9 Hierro"},"content":{"rendered":"<div id=\"attachment_6560\" style=\"width: 310px\" class=\"wp-caption alignleft\"><img loading=\"lazy\" decoding=\"async\" aria-describedby=\"caption-attachment-6560\" class=\"wp-image-6560 size-medium\" src=\"http:\/\/www.escritorescantabros.com\/wp-content\/uploads\/IMG_3158-300x225.jpg\" alt=\"\" width=\"300\" height=\"225\" srcset=\"https:\/\/www.escritorescantabros.com\/wp-content\/uploads\/IMG_3158-300x225.jpg 300w, https:\/\/www.escritorescantabros.com\/wp-content\/uploads\/IMG_3158-768x576.jpg 768w, https:\/\/www.escritorescantabros.com\/wp-content\/uploads\/IMG_3158-1024x768.jpg 1024w\" sizes=\"(max-width: 300px) 100vw, 300px\" \/><p id=\"caption-attachment-6560\" class=\"wp-caption-text\">Sixto Dom\u00ednguez durante la explicaci\u00f3n del soneto cuyo manuscrito se observa en la proyecci\u00f3n (Foto: RGS)<\/p><\/div>\n<p><span style=\"color: #000000; font-family: Calibri;\">El homenaje a Gema Rebolledo, organizado por sus amigos en la galer\u00eda Inder Espacio de Santander, culmin\u00f3 con una grabaci\u00f3n p\u00f3stuma de la poeta recitando un soneto in\u00e9dito de Jos\u00e9 Hierro que \u00e9ste dedic\u00f3 en 1941, en la prisi\u00f3n provincial de Santander, al abogado Mat\u00edas Dom\u00ednguez. Su hijo Sixto fue el encargado de presentar el poema recordando que el soneto, que lleva el t\u00edtulo de \u2018Semblanza\u2019, se present\u00f3 en la clausura de los &#8216;Jueves con poes\u00eda&#8217;, en Selaya, en agosto de 2017.<\/span><\/p>\n<p><span style=\"color: #000000; font-family: Calibri;\">Con el t\u00edtulo \u2018Gema Rebolledo: \u00cdntima\u2026mente\u2019, el homenaje cont\u00f3 con la participaci\u00f3n de Luisa D\u00edaz (coach, escritora, poeta y propietaria de Inder Espacio), Lidia D\u00edaz Ter\u00e1n (presidenta de la Asociaci\u00f3n Espa\u00f1ola contra la Despoblaci\u00f3n), Mar\u00eda Eugenia Mata (adoptante de \u2018Noa\u2019 y miembro de Galgos 112), Nieves Guti\u00e9rrez (presidenta de Mujeres de los Pueblos), Lines S\u00e1nchez Gandarillas (escritora y poeta), Regina Carral (escritora y poeta), Jos\u00e9 Luis Ruiz Vidal (escritor y poeta), Daniel Irazu (escritor), Ra\u00fal G\u00f3mez Samperio (periodista, escritor y presidente de la Asociaci\u00f3n Cultural Carlos Bribi\u00e1n) y Roberto Noriega (viudo de Gema Rebolledo). Tras unas breves palabras de cada uno de los intervinientes con testimonio del valor humano de Gema Rebolledo, se pas\u00f3 a un recital de poes\u00edas donde intervinieron varios poetas y amigos. <\/span><\/p>\n<p><span style=\"color: #000000; font-family: Calibri;\">La exposici\u00f3n se llev\u00f3 a cabo debido a que la misma Gema lo hab\u00eda programado con Luisa D\u00edaz para celebrarlo pr\u00f3ximamente, y aunque se esperaba la mejor\u00eda de la enfermedad que sufr\u00eda, \u00e9sta no lleg\u00f3 a producirse. Sin embargo en su intervenci\u00f3n, Luisa se\u00f1al\u00f3 que Gema insisti\u00f3 en que se celebrara \u00abviva o muerta\u00bb, y finalmente se ha convocado en forma de homenaje p\u00f3stumo con una sala llena de emotividad.<\/span><\/p>\n<p><span style=\"color: #000000; font-family: Calibri;\">Rosa Gema Rebolledo Bolado naci\u00f3 en Puente San Miguel en 1962 y tras estudiar Banca y Contabilidad su vida cambi\u00f3 tras un curso de coaching, impartido por quien ser\u00eda una de sus mejores amigas, Luisa D\u00edaz, organizadora del homenaje que le introdujo en la actividad literaria y en el asociacionismo.<\/span><\/p>\n<p><span style=\"color: #000000; font-family: Calibri;\">El primer poemario de Gema fue, &#8216;Estrellas de bolsillo&#8217; (2012) y su segunda obra se public\u00f3 en 2017 bajo el t\u00edtulo de \u2018Intima\u2026mente\u2019. Tambi\u00e9n es coautora de otras publicaciones como \u2018Balconadas\u2019, con el relato corto \u201cLa rueda de la vida\u201d y \u2018Sue\u00f1os\u2019 con el cuento \u201cRecuerdos de pap\u00e1\u201d, libros editados por la Sociedad C\u00e1ntabra de Escritores.<\/span><\/p>\n<p><span style=\"color: #000000; font-family: Calibri;\">Alumna de la Escuela de Pol\u00edticas, Comunicaciones y Nuevos Liderazgos, fue miembro activo de FADEMUR Cantabria (Federaci\u00f3n de Mujeres Rurales), y de la Asociaci\u00f3n de Mujeres de los Pueblos. Tambi\u00e9n form\u00f3 parte del grupo cultural Pe\u00f1atruiz de Casar de Periedo. Gran amante de los animales, fue delegada en Cantabria de las adopciones de la asociaci\u00f3n Galgos 112 y colabor\u00f3 en la revista digital SEDE. Tambi\u00e9n fue una de las fundadoras de la Asociaci\u00f3n \u2018Carlos Bribi\u00e1n\u2019 y miembro de la Sociedad C\u00e1ntabra de Escritores, de la que fue secretaria.<\/span><\/p>\n<p><span style=\"color: #000000; font-family: Calibri;\">Falleci\u00f3 en Torrelavega el 20 de mayo de 2019.<\/span><\/p>\n<p>&nbsp;<\/p>\n","protected":false},"excerpt":{"rendered":"<p>El homenaje a Gema Rebolledo, organizado por sus amigos en la galer\u00eda Inder Espacio de Santander, culmin\u00f3 con una grabaci\u00f3n p\u00f3stuma de la poeta recitando un soneto in\u00e9dito de Jos\u00e9 Hierro que \u00e9ste dedic\u00f3 en 1941, en la prisi\u00f3n provincial &hellip; <a href=\"https:\/\/www.escritorescantabros.com\/?p=6535\">Sigue leyendo <span class=\"meta-nav\">&rarr;<\/span><\/a><\/p>\n","protected":false},"author":1,"featured_media":6551,"comment_status":"open","ping_status":"open","sticky":false,"template":"","format":"standard","meta":{"footnotes":""},"categories":[1],"tags":[],"_links":{"self":[{"href":"https:\/\/www.escritorescantabros.com\/index.php?rest_route=\/wp\/v2\/posts\/6535"}],"collection":[{"href":"https:\/\/www.escritorescantabros.com\/index.php?rest_route=\/wp\/v2\/posts"}],"about":[{"href":"https:\/\/www.escritorescantabros.com\/index.php?rest_route=\/wp\/v2\/types\/post"}],"author":[{"embeddable":true,"href":"https:\/\/www.escritorescantabros.com\/index.php?rest_route=\/wp\/v2\/users\/1"}],"replies":[{"embeddable":true,"href":"https:\/\/www.escritorescantabros.com\/index.php?rest_route=%2Fwp%2Fv2%2Fcomments&post=6535"}],"version-history":[{"count":9,"href":"https:\/\/www.escritorescantabros.com\/index.php?rest_route=\/wp\/v2\/posts\/6535\/revisions"}],"predecessor-version":[{"id":6561,"href":"https:\/\/www.escritorescantabros.com\/index.php?rest_route=\/wp\/v2\/posts\/6535\/revisions\/6561"}],"wp:featuredmedia":[{"embeddable":true,"href":"https:\/\/www.escritorescantabros.com\/index.php?rest_route=\/wp\/v2\/media\/6551"}],"wp:attachment":[{"href":"https:\/\/www.escritorescantabros.com\/index.php?rest_route=%2Fwp%2Fv2%2Fmedia&parent=6535"}],"wp:term":[{"taxonomy":"category","embeddable":true,"href":"https:\/\/www.escritorescantabros.com\/index.php?rest_route=%2Fwp%2Fv2%2Fcategories&post=6535"},{"taxonomy":"post_tag","embeddable":true,"href":"https:\/\/www.escritorescantabros.com\/index.php?rest_route=%2Fwp%2Fv2%2Ftags&post=6535"}],"curies":[{"name":"wp","href":"https:\/\/api.w.org\/{rel}","templated":true}]}}