{"id":6653,"date":"2019-10-14T22:26:10","date_gmt":"2019-10-14T22:26:10","guid":{"rendered":"http:\/\/www.escritorescantabros.com\/?p=6653"},"modified":"2019-10-14T22:26:10","modified_gmt":"2019-10-14T22:26:10","slug":"las-muchas-almas-de-menendez-pelayo-de-pedro-cerezo","status":"publish","type":"post","link":"https:\/\/www.escritorescantabros.com\/?p=6653","title":{"rendered":"&#8216;Las muchas almas de Men\u00e9ndez Pelayo&#8217;, de Pedro Cerezo"},"content":{"rendered":"<p><img loading=\"lazy\" decoding=\"async\" class=\"alignleft size-medium wp-image-6654\" src=\"http:\/\/www.escritorescantabros.com\/wp-content\/uploads\/Las-muchas-almas-de-Mene\u0301ndez-Pelayo-211x300.jpg\" alt=\"\" width=\"211\" height=\"300\" srcset=\"https:\/\/www.escritorescantabros.com\/wp-content\/uploads\/Las-muchas-almas-de-Mene\u0301ndez-Pelayo-211x300.jpg 211w, https:\/\/www.escritorescantabros.com\/wp-content\/uploads\/Las-muchas-almas-de-Mene\u0301ndez-Pelayo-768x1092.jpg 768w, https:\/\/www.escritorescantabros.com\/wp-content\/uploads\/Las-muchas-almas-de-Mene\u0301ndez-Pelayo-720x1024.jpg 720w, https:\/\/www.escritorescantabros.com\/wp-content\/uploads\/Las-muchas-almas-de-Mene\u0301ndez-Pelayo.jpg 1242w\" sizes=\"(max-width: 211px) 100vw, 211px\" \/>Editado por el miembro de la Sociedad Men\u00e9ndez Pelayo, Gerardo Bolado, el libro pretende introducir una visi\u00f3n de Men\u00e9ndez Pelayo alejada del \u201cr\u00edgido estereotipo\u201d que se presenta \u201cintegrista y casticista\u201d y acerc\u00e1ndose a una comprensi\u00f3n m\u00e1s abierta y comprensiva de su obra. El autor, Pedro Cerezo, considera que aunque se ha realizado un giro decisivo \u201cdesde el mito a la realidad hist\u00f3rica\u201d, es preciso prolongarlo desde su realidad a la Espa\u00f1a del siglo XXI. Para ello se presenta este intento evolutivo del pensamiento del sabio santanderino con el discernimiento de m\u00faltiples niveles o dimensiones de su obra, congruentes con la rica y compleja personalidad del autor, al que se le aplica la expresi\u00f3n de \u201cmuchas almas\u201d que el propio Men\u00e9ndez Pelayo usara para caracterizar al pintos Pablo de C\u00e9spedes.<\/p>\n","protected":false},"excerpt":{"rendered":"<p>Editado por el miembro de la Sociedad Men\u00e9ndez Pelayo, Gerardo Bolado, el libro pretende introducir una visi\u00f3n de Men\u00e9ndez Pelayo alejada del \u201cr\u00edgido estereotipo\u201d que se presenta \u201cintegrista y casticista\u201d y acerc\u00e1ndose a una comprensi\u00f3n m\u00e1s abierta y comprensiva de &hellip; <a href=\"https:\/\/www.escritorescantabros.com\/?p=6653\">Sigue leyendo <span class=\"meta-nav\">&rarr;<\/span><\/a><\/p>\n","protected":false},"author":1,"featured_media":6654,"comment_status":"open","ping_status":"open","sticky":false,"template":"","format":"standard","meta":{"footnotes":""},"categories":[4],"tags":[],"_links":{"self":[{"href":"https:\/\/www.escritorescantabros.com\/index.php?rest_route=\/wp\/v2\/posts\/6653"}],"collection":[{"href":"https:\/\/www.escritorescantabros.com\/index.php?rest_route=\/wp\/v2\/posts"}],"about":[{"href":"https:\/\/www.escritorescantabros.com\/index.php?rest_route=\/wp\/v2\/types\/post"}],"author":[{"embeddable":true,"href":"https:\/\/www.escritorescantabros.com\/index.php?rest_route=\/wp\/v2\/users\/1"}],"replies":[{"embeddable":true,"href":"https:\/\/www.escritorescantabros.com\/index.php?rest_route=%2Fwp%2Fv2%2Fcomments&post=6653"}],"version-history":[{"count":1,"href":"https:\/\/www.escritorescantabros.com\/index.php?rest_route=\/wp\/v2\/posts\/6653\/revisions"}],"predecessor-version":[{"id":6655,"href":"https:\/\/www.escritorescantabros.com\/index.php?rest_route=\/wp\/v2\/posts\/6653\/revisions\/6655"}],"wp:featuredmedia":[{"embeddable":true,"href":"https:\/\/www.escritorescantabros.com\/index.php?rest_route=\/wp\/v2\/media\/6654"}],"wp:attachment":[{"href":"https:\/\/www.escritorescantabros.com\/index.php?rest_route=%2Fwp%2Fv2%2Fmedia&parent=6653"}],"wp:term":[{"taxonomy":"category","embeddable":true,"href":"https:\/\/www.escritorescantabros.com\/index.php?rest_route=%2Fwp%2Fv2%2Fcategories&post=6653"},{"taxonomy":"post_tag","embeddable":true,"href":"https:\/\/www.escritorescantabros.com\/index.php?rest_route=%2Fwp%2Fv2%2Ftags&post=6653"}],"curies":[{"name":"wp","href":"https:\/\/api.w.org\/{rel}","templated":true}]}}