{"id":6853,"date":"2020-08-10T17:25:44","date_gmt":"2020-08-10T17:25:44","guid":{"rendered":"http:\/\/www.escritorescantabros.com\/?p=6853"},"modified":"2020-08-10T17:29:45","modified_gmt":"2020-08-10T17:29:45","slug":"bucle-de-marcos-pereda","status":"publish","type":"post","link":"https:\/\/www.escritorescantabros.com\/?p=6853","title":{"rendered":"&#8216;Bucle&#8217;, de Marcos Pereda"},"content":{"rendered":"<p><img loading=\"lazy\" decoding=\"async\" class=\"alignleft size-medium wp-image-6854\" src=\"http:\/\/www.escritorescantabros.com\/wp-content\/uploads\/Bucle-205x300.jpg\" alt=\"\" width=\"205\" height=\"300\" srcset=\"https:\/\/www.escritorescantabros.com\/wp-content\/uploads\/Bucle-205x300.jpg 205w, https:\/\/www.escritorescantabros.com\/wp-content\/uploads\/Bucle-768x1124.jpg 768w, https:\/\/www.escritorescantabros.com\/wp-content\/uploads\/Bucle-700x1024.jpg 700w, https:\/\/www.escritorescantabros.com\/wp-content\/uploads\/Bucle.jpg 1147w\" sizes=\"(max-width: 205px) 100vw, 205px\" \/>El libro recoge las mejores cr\u00f3nicas que Marcos Pereda escribi\u00f3 sobre ciclismo en estos \u00faltimos a\u00f1os, muchas de ellas a\u00fan in\u00e9ditas en Espa\u00f1a. Se trata de un repaso al calendario internacional, un bucle que a\u00f1o tras a\u00f1o repite fechas y lugares comunes forjando la historia de la bicicleta.<\/p>\n<p>En esta antolog\u00eda encontraremos desde un recuerdo al farolillo rojo del primer Tour de Francia hasta repasos a las recientes ediciones de la Vuelta o el Tour, pasando por retratos de estrellas emergentes como Egan Bernal, Evenepoel o Mathieu Van der Poel, y brochazos sobre nombres hist\u00f3ricos como Alfonsina Strada, Poulidor o Malabrocca.<\/p>\n<p>Con su estilo caracter\u00edstico, original, ingenioso y desbordante de humor, Marcos Pereda nos transporta a tiempos y lugares extra\u00f1os para repicar en las cl\u00e1sicas de pav\u00e9, sufrir en las grandes cumbres o enamorarnos de las carreteras italianas. Tambi\u00e9n nos har\u00e1 disfrutar de la fiesta en los vel\u00f3dromos de la Belle \u00c9poque o en grandes celebraciones nacionales, como las vueltas a Colombia y Portugal.<\/p>\n<p>Indurain, Coppi, Merckx, Anquetil, Hinault, Garc\u00eda M\u00e1rquez, Pablo Escobar o Donald Trump. No falta nadie. H\u00e9roes y villanos, del ciclismo y de la vida, protagonizan historias que desbordan una pasi\u00f3n por el ciclismo y las letras dif\u00edcil de contener.<\/p>\n<p>Marcos Pereda (Torrelavega, 1981) es uno de los escritores que m\u00e1s l\u00edneas ha dedicado al ciclismo en estos \u00faltimos a\u00f1os. Autor de los libros &#8216;Arriva Italia&#8217;, &#8216;Periquismo&#8217; y &#8216;Una pulga en la monta\u00f1a&#8217;, ha publicado numerosos art\u00edculos y reportajes en medios tan dispares como &#8216;Jot Down&#8217;, &#8216;CTXT&#8217;, eldiario.es o las especializadas &#8216;Rouleur&#8217;, &#8216;Conquista Magazine&#8217;, &#8216;Soigneur&#8217; y &#8216;Volata&#8217;.<\/p>\n<p>El libro puede adquirirse en www.librosderuta.com<\/p>\n<p>&nbsp;<\/p>\n<p>&nbsp;<\/p>\n<p>&nbsp;<\/p>\n","protected":false},"excerpt":{"rendered":"<p>El libro recoge las mejores cr\u00f3nicas que Marcos Pereda escribi\u00f3 sobre ciclismo en estos \u00faltimos a\u00f1os, muchas de ellas a\u00fan in\u00e9ditas en Espa\u00f1a. Se trata de un repaso al calendario internacional, un bucle que a\u00f1o tras a\u00f1o repite fechas y &hellip; <a href=\"https:\/\/www.escritorescantabros.com\/?p=6853\">Sigue leyendo <span class=\"meta-nav\">&rarr;<\/span><\/a><\/p>\n","protected":false},"author":1,"featured_media":6854,"comment_status":"open","ping_status":"open","sticky":false,"template":"","format":"standard","meta":{"footnotes":""},"categories":[4],"tags":[],"_links":{"self":[{"href":"https:\/\/www.escritorescantabros.com\/index.php?rest_route=\/wp\/v2\/posts\/6853"}],"collection":[{"href":"https:\/\/www.escritorescantabros.com\/index.php?rest_route=\/wp\/v2\/posts"}],"about":[{"href":"https:\/\/www.escritorescantabros.com\/index.php?rest_route=\/wp\/v2\/types\/post"}],"author":[{"embeddable":true,"href":"https:\/\/www.escritorescantabros.com\/index.php?rest_route=\/wp\/v2\/users\/1"}],"replies":[{"embeddable":true,"href":"https:\/\/www.escritorescantabros.com\/index.php?rest_route=%2Fwp%2Fv2%2Fcomments&post=6853"}],"version-history":[{"count":3,"href":"https:\/\/www.escritorescantabros.com\/index.php?rest_route=\/wp\/v2\/posts\/6853\/revisions"}],"predecessor-version":[{"id":6857,"href":"https:\/\/www.escritorescantabros.com\/index.php?rest_route=\/wp\/v2\/posts\/6853\/revisions\/6857"}],"wp:featuredmedia":[{"embeddable":true,"href":"https:\/\/www.escritorescantabros.com\/index.php?rest_route=\/wp\/v2\/media\/6854"}],"wp:attachment":[{"href":"https:\/\/www.escritorescantabros.com\/index.php?rest_route=%2Fwp%2Fv2%2Fmedia&parent=6853"}],"wp:term":[{"taxonomy":"category","embeddable":true,"href":"https:\/\/www.escritorescantabros.com\/index.php?rest_route=%2Fwp%2Fv2%2Fcategories&post=6853"},{"taxonomy":"post_tag","embeddable":true,"href":"https:\/\/www.escritorescantabros.com\/index.php?rest_route=%2Fwp%2Fv2%2Ftags&post=6853"}],"curies":[{"name":"wp","href":"https:\/\/api.w.org\/{rel}","templated":true}]}}