{"id":7139,"date":"2021-04-02T07:13:59","date_gmt":"2021-04-02T07:13:59","guid":{"rendered":"http:\/\/www.escritorescantabros.com\/?p=7139"},"modified":"2021-04-08T20:49:45","modified_gmt":"2021-04-08T20:49:45","slug":"julian-sanchez-garcia-retrato-de-un-olvidado","status":"publish","type":"post","link":"https:\/\/www.escritorescantabros.com\/?p=7139","title":{"rendered":"&#8216;Juli\u00e1n S\u00e1nchez Garc\u00eda. Retrato de un olvidado&#8217;, de Manuel Gonz\u00e1lez Zarzuelo"},"content":{"rendered":"<p><img loading=\"lazy\" decoding=\"async\" class=\"alignleft size-medium wp-image-7140\" src=\"http:\/\/www.escritorescantabros.com\/wp-content\/uploads\/Portada-BOMBERO-300x300.jpg\" alt=\"\" width=\"300\" height=\"300\" srcset=\"https:\/\/www.escritorescantabros.com\/wp-content\/uploads\/Portada-BOMBERO-300x300.jpg 300w, https:\/\/www.escritorescantabros.com\/wp-content\/uploads\/Portada-BOMBERO-150x150.jpg 150w, https:\/\/www.escritorescantabros.com\/wp-content\/uploads\/Portada-BOMBERO-768x768.jpg 768w, https:\/\/www.escritorescantabros.com\/wp-content\/uploads\/Portada-BOMBERO-1024x1024.jpg 1024w, https:\/\/www.escritorescantabros.com\/wp-content\/uploads\/Portada-BOMBERO.jpg 1181w\" sizes=\"(max-width: 300px) 100vw, 300px\" \/>El libro pretende divulgar la figura del bombero Juli\u00e1n S\u00e1nchez Garc\u00eda, fallecido el 28 de febrero de 1941 cuando ten\u00eda 38 a\u00f1os. Fue la \u00fanica v\u00edctima mortal del incendio que redujo a cenizas y escombros el centro hist\u00f3rico de Santander. Muy poco se ha sabido de este bombero y de las circunstancias de su muerte. El estudio de Manuel Gonz\u00e1lez Zarzuelo nos revela hasta qu\u00e9 punto fue heroico el comportamiento de este zamorano.<\/p>\n<p>El autor de la publicaci\u00f3n es Manuel Gonz\u00e1lez Zarzuelo, nacido el 13 de julio de 1963 en Santander, ciudad en la que es miembro del Centro de Estudios Monta\u00f1eses y de la Real Asociaci\u00f3n Cabo Machichaco.<\/p>\n<p>Desde 1989, Gonz\u00e1lez Zarzuelo\u00a0 pertenece al Cuerpo de Bomberos Municipales de Santander, con el que ha participado en algunas intervenciones hist\u00f3ricas de Cantabria como los hundimientos del Hotel Bah\u00eda, del Hospital Valdecilla y las casas del Cabido de Arriba; o los incendios de la cooperativa Alcosant y el Pol\u00edgono Industrial Elegarcu.<\/p>\n<p>Persona de m\u00faltiples facetas, desde hace d\u00e9cadas dedica parte de su tiempo libre a estudiar la historia de los bomberos y de la ciudad en la que trabaja. Y lo hace recurriendo a las fuentes orales, adem\u00e1s de las cl\u00e1sicas, archivos y bibliotecas, pero tambi\u00e9n y como profundo conocedor de las nuevas tecnolog\u00edas, utilizando las modernas herramientas que los medios digitales ofrecen para el estudio del pasado.<\/p>\n<p>Combinando su profesi\u00f3n y su vocaci\u00f3n investigadora, comenz\u00f3 hace d\u00e9cadas a realizar estudios sobre la historia del cuerpo de Bomberos, por lo que ha participado en la creaci\u00f3n de los recorridos del Museo de Bomberos Municipales, dot\u00e1ndolos de contenido monogr\u00e1ficos tales como el del incendio de Santander en 1941 y el de la explosi\u00f3n del barco Cabo Machichaco en 1893. Temas sobre los que ha impartido conferencias en foros como el Colegio de Ingenieros Industriales de Cantabria, Ateneo de Santander o Centro de Estudios Monta\u00f1eses, al que consagr\u00f3 su conferencia de ingreso en diciembre de 2016 con el mismo protagonista.<\/p>\n<p>Ha procurado estudiar y comprender estas materias investigando, o \u201crebuscando\u201d (Elisa G\u00f3mez Pedraja, dixit) con escrupulosidad, para proceder posteriormente a analizar los datos desde todas las perspectivas posibles y reflejar las conclusiones en textos de esp\u00edritu divulgativo y alto valor pedag\u00f3gico.<\/p>\n","protected":false},"excerpt":{"rendered":"<p>El libro pretende divulgar la figura del bombero Juli\u00e1n S\u00e1nchez Garc\u00eda, fallecido el 28 de febrero de 1941 cuando ten\u00eda 38 a\u00f1os. Fue la \u00fanica v\u00edctima mortal del incendio que redujo a cenizas y escombros el centro hist\u00f3rico de Santander. &hellip; <a href=\"https:\/\/www.escritorescantabros.com\/?p=7139\">Sigue leyendo <span class=\"meta-nav\">&rarr;<\/span><\/a><\/p>\n","protected":false},"author":1,"featured_media":7140,"comment_status":"open","ping_status":"open","sticky":false,"template":"","format":"standard","meta":{"footnotes":""},"categories":[4],"tags":[],"_links":{"self":[{"href":"https:\/\/www.escritorescantabros.com\/index.php?rest_route=\/wp\/v2\/posts\/7139"}],"collection":[{"href":"https:\/\/www.escritorescantabros.com\/index.php?rest_route=\/wp\/v2\/posts"}],"about":[{"href":"https:\/\/www.escritorescantabros.com\/index.php?rest_route=\/wp\/v2\/types\/post"}],"author":[{"embeddable":true,"href":"https:\/\/www.escritorescantabros.com\/index.php?rest_route=\/wp\/v2\/users\/1"}],"replies":[{"embeddable":true,"href":"https:\/\/www.escritorescantabros.com\/index.php?rest_route=%2Fwp%2Fv2%2Fcomments&post=7139"}],"version-history":[{"count":3,"href":"https:\/\/www.escritorescantabros.com\/index.php?rest_route=\/wp\/v2\/posts\/7139\/revisions"}],"predecessor-version":[{"id":7148,"href":"https:\/\/www.escritorescantabros.com\/index.php?rest_route=\/wp\/v2\/posts\/7139\/revisions\/7148"}],"wp:featuredmedia":[{"embeddable":true,"href":"https:\/\/www.escritorescantabros.com\/index.php?rest_route=\/wp\/v2\/media\/7140"}],"wp:attachment":[{"href":"https:\/\/www.escritorescantabros.com\/index.php?rest_route=%2Fwp%2Fv2%2Fmedia&parent=7139"}],"wp:term":[{"taxonomy":"category","embeddable":true,"href":"https:\/\/www.escritorescantabros.com\/index.php?rest_route=%2Fwp%2Fv2%2Fcategories&post=7139"},{"taxonomy":"post_tag","embeddable":true,"href":"https:\/\/www.escritorescantabros.com\/index.php?rest_route=%2Fwp%2Fv2%2Ftags&post=7139"}],"curies":[{"name":"wp","href":"https:\/\/api.w.org\/{rel}","templated":true}]}}