{"id":821,"date":"2012-04-25T09:13:50","date_gmt":"2012-04-25T09:13:50","guid":{"rendered":"http:\/\/www.escritorescantabros.com\/?p=821"},"modified":"2012-04-25T09:13:50","modified_gmt":"2012-04-25T09:13:50","slug":"%e2%80%98el-ultimo-sabio-marcelino-menendez-pelayo%e2%80%99-de-antonio-santovena-setien","status":"publish","type":"post","link":"https:\/\/www.escritorescantabros.com\/?p=821","title":{"rendered":"\u2018El \u00faltimo sabio: Marcelino Men\u00e9ndez Pelayo\u2019, de Antonio Santove\u00f1a Seti\u00e9n"},"content":{"rendered":"<p>El centenario de la muerte de Marcelino Men\u00e9ndez Pelayo ha inspirado este a\u00f1o la aparici\u00f3n de varios trabajos en torno a este erudito santanderino, entre ellos la obra <em>El \u00faltimo sabio: Marcelino Men\u00e9ndez Pelayo<\/em>, de Antonio Santove\u00f1a, editado por Valnera y con una portada ilustrada por Jos\u00e9 Ram\u00f3n S\u00e1nchez.<\/p>\n<p>El objetivo de la publicaci\u00f3n es acercar la biograf\u00eda de Men\u00e9ndez Pelayo a todos los p\u00fablicos, ya que a pesar de su indiscutida val\u00eda intelectual, es muy poco conocida la vida de este \u201c\u00faltimo sabio\u201d, vida donde destacan sus valores, sus creencias, su voluminosa obra y el enorme legado que dej\u00f3 a la ciudad con su importante biblioteca. Tambi\u00e9n se incluye una antolog\u00eda de textos y de otros intelectuales que escribieron sobre su persona.<\/p>\n<p>El libro, del que se han editado mil ejemplares, ha sido apoyado econ\u00f3micamente por el Ayuntamiento de Santander.<\/p>\n<p>Antonio Santove\u00f1a Seti\u00e9n, doctor del Departamento de Historia Moderna y Contempor\u00e1nea de la Universidad de Cantabria, es un especialista en Men\u00e9ndez Pelayo y ha publicado diversas publicaciones y trabajos sobre su influencia en la sociedad espa\u00f1ola, como <em>Men\u00e9ndez Pelayo y la crisis intelectual de 1898<\/em> y <em>Men\u00e9ndez Pelayo y las derechas en Espa\u00f1a<\/em>.<\/p>\n","protected":false},"excerpt":{"rendered":"<p>El centenario de la muerte de Marcelino Men\u00e9ndez Pelayo ha inspirado este a\u00f1o la aparici\u00f3n de varios trabajos en torno a este erudito santanderino, entre ellos la obra El \u00faltimo sabio: Marcelino Men\u00e9ndez Pelayo, de Antonio Santove\u00f1a, editado por Valnera &hellip; <a href=\"https:\/\/www.escritorescantabros.com\/?p=821\">Sigue leyendo <span class=\"meta-nav\">&rarr;<\/span><\/a><\/p>\n","protected":false},"author":1,"featured_media":822,"comment_status":"open","ping_status":"open","sticky":false,"template":"","format":"standard","meta":{"footnotes":""},"categories":[4],"tags":[],"_links":{"self":[{"href":"https:\/\/www.escritorescantabros.com\/index.php?rest_route=\/wp\/v2\/posts\/821"}],"collection":[{"href":"https:\/\/www.escritorescantabros.com\/index.php?rest_route=\/wp\/v2\/posts"}],"about":[{"href":"https:\/\/www.escritorescantabros.com\/index.php?rest_route=\/wp\/v2\/types\/post"}],"author":[{"embeddable":true,"href":"https:\/\/www.escritorescantabros.com\/index.php?rest_route=\/wp\/v2\/users\/1"}],"replies":[{"embeddable":true,"href":"https:\/\/www.escritorescantabros.com\/index.php?rest_route=%2Fwp%2Fv2%2Fcomments&post=821"}],"version-history":[{"count":2,"href":"https:\/\/www.escritorescantabros.com\/index.php?rest_route=\/wp\/v2\/posts\/821\/revisions"}],"predecessor-version":[{"id":824,"href":"https:\/\/www.escritorescantabros.com\/index.php?rest_route=\/wp\/v2\/posts\/821\/revisions\/824"}],"wp:featuredmedia":[{"embeddable":true,"href":"https:\/\/www.escritorescantabros.com\/index.php?rest_route=\/wp\/v2\/media\/822"}],"wp:attachment":[{"href":"https:\/\/www.escritorescantabros.com\/index.php?rest_route=%2Fwp%2Fv2%2Fmedia&parent=821"}],"wp:term":[{"taxonomy":"category","embeddable":true,"href":"https:\/\/www.escritorescantabros.com\/index.php?rest_route=%2Fwp%2Fv2%2Fcategories&post=821"},{"taxonomy":"post_tag","embeddable":true,"href":"https:\/\/www.escritorescantabros.com\/index.php?rest_route=%2Fwp%2Fv2%2Ftags&post=821"}],"curies":[{"name":"wp","href":"https:\/\/api.w.org\/{rel}","templated":true}]}}