{"id":8753,"date":"2026-02-19T20:43:48","date_gmt":"2026-02-19T20:43:48","guid":{"rendered":"https:\/\/www.escritorescantabros.com\/?p=8753"},"modified":"2026-02-26T20:49:56","modified_gmt":"2026-02-26T20:49:56","slug":"carlos-bribian-recordado-por-los-escritores-cantabros-en-su-centenario","status":"publish","type":"post","link":"https:\/\/www.escritorescantabros.com\/?p=8753","title":{"rendered":"Carlos Bribi\u00e1n, recordado por los escritores c\u00e1ntabros en su centenario"},"content":{"rendered":"<div id=\"attachment_8754\" style=\"width: 472px\" class=\"wp-caption aligncenter\"><img loading=\"lazy\" decoding=\"async\" aria-describedby=\"caption-attachment-8754\" class=\"wp-image-8754\" src=\"https:\/\/www.escritorescantabros.com\/wp-content\/uploads\/Dia-de-las-Letras-300x221.jpg\" alt=\"\" width=\"462\" height=\"340\" srcset=\"https:\/\/www.escritorescantabros.com\/wp-content\/uploads\/Dia-de-las-Letras-300x221.jpg 300w, https:\/\/www.escritorescantabros.com\/wp-content\/uploads\/Dia-de-las-Letras-1024x755.jpg 1024w, https:\/\/www.escritorescantabros.com\/wp-content\/uploads\/Dia-de-las-Letras-768x567.jpg 768w, https:\/\/www.escritorescantabros.com\/wp-content\/uploads\/Dia-de-las-Letras.jpg 1060w\" sizes=\"(max-width: 462px) 100vw, 462px\" \/><p id=\"caption-attachment-8754\" class=\"wp-caption-text\">Momento de la lectura de los textos de Carlos Bribi\u00e1n por Digna Mercedes Fern\u00e1ndez (derecha).<\/p><\/div>\n<p>Carlos Bribi\u00e1n Castro, el periodista y escritor que este a\u00f1o cumplir\u00eda cien a\u00f1os, fue recordado en el acto de la Sociedad C\u00e1ntabra de Escritores durante la celebraci\u00f3n del D\u00eda de las Letras de Cantabria que se celebr\u00f3 en el Teatro Concha Espina de Torrelavega.<\/p>\n<p>En el acto, su viuda, Digna Mercedes Fern\u00e1ndez, se encarg\u00f3 de leer varios textos de Bribi\u00e1n, mientras que tambi\u00e9n se procedi\u00f3 a la lectura de otros autores ya fallecidos.<\/p>\n<p>El acto estuvo presidido por la presidenta del Parlamento de Cantabria, Mar\u00eda Jos\u00e9 Gonz\u00e1lez Revuelta, que impuso la insignia de las Letras de Cantabria a la escritora Angelina Lamelas.<\/p>\n","protected":false},"excerpt":{"rendered":"<p>Carlos Bribi\u00e1n Castro, el periodista y escritor que este a\u00f1o cumplir\u00eda cien a\u00f1os, fue recordado en el acto de la Sociedad C\u00e1ntabra de Escritores durante la celebraci\u00f3n del D\u00eda de las Letras de Cantabria que se celebr\u00f3 en el Teatro &hellip; <a href=\"https:\/\/www.escritorescantabros.com\/?p=8753\">Sigue leyendo <span class=\"meta-nav\">&rarr;<\/span><\/a><\/p>\n","protected":false},"author":1,"featured_media":7864,"comment_status":"open","ping_status":"open","sticky":false,"template":"","format":"standard","meta":{"footnotes":""},"categories":[1],"tags":[],"_links":{"self":[{"href":"https:\/\/www.escritorescantabros.com\/index.php?rest_route=\/wp\/v2\/posts\/8753"}],"collection":[{"href":"https:\/\/www.escritorescantabros.com\/index.php?rest_route=\/wp\/v2\/posts"}],"about":[{"href":"https:\/\/www.escritorescantabros.com\/index.php?rest_route=\/wp\/v2\/types\/post"}],"author":[{"embeddable":true,"href":"https:\/\/www.escritorescantabros.com\/index.php?rest_route=\/wp\/v2\/users\/1"}],"replies":[{"embeddable":true,"href":"https:\/\/www.escritorescantabros.com\/index.php?rest_route=%2Fwp%2Fv2%2Fcomments&post=8753"}],"version-history":[{"count":1,"href":"https:\/\/www.escritorescantabros.com\/index.php?rest_route=\/wp\/v2\/posts\/8753\/revisions"}],"predecessor-version":[{"id":8755,"href":"https:\/\/www.escritorescantabros.com\/index.php?rest_route=\/wp\/v2\/posts\/8753\/revisions\/8755"}],"wp:featuredmedia":[{"embeddable":true,"href":"https:\/\/www.escritorescantabros.com\/index.php?rest_route=\/wp\/v2\/media\/7864"}],"wp:attachment":[{"href":"https:\/\/www.escritorescantabros.com\/index.php?rest_route=%2Fwp%2Fv2%2Fmedia&parent=8753"}],"wp:term":[{"taxonomy":"category","embeddable":true,"href":"https:\/\/www.escritorescantabros.com\/index.php?rest_route=%2Fwp%2Fv2%2Fcategories&post=8753"},{"taxonomy":"post_tag","embeddable":true,"href":"https:\/\/www.escritorescantabros.com\/index.php?rest_route=%2Fwp%2Fv2%2Ftags&post=8753"}],"curies":[{"name":"wp","href":"https:\/\/api.w.org\/{rel}","templated":true}]}}