{"id":8757,"date":"2026-03-14T00:10:14","date_gmt":"2026-03-14T00:10:14","guid":{"rendered":"https:\/\/www.escritorescantabros.com\/?p=8757"},"modified":"2026-03-15T23:17:01","modified_gmt":"2026-03-15T23:17:01","slug":"carlos-bribian-dara-nombre-al-rincon-de-lectura-de-ontoria","status":"publish","type":"post","link":"https:\/\/www.escritorescantabros.com\/?p=8757","title":{"rendered":"Carlos Bribi\u00e1n dar\u00e1 nombre al Rinc\u00f3n de Lectura de Ontoria"},"content":{"rendered":"<div id=\"attachment_8784\" style=\"width: 543px\" class=\"wp-caption alignnone\"><img loading=\"lazy\" decoding=\"async\" aria-describedby=\"caption-attachment-8784\" class=\" wp-image-8784\" src=\"https:\/\/www.escritorescantabros.com\/wp-content\/uploads\/Rincon-Bribian-300x203.jpg\" alt=\"\" width=\"533\" height=\"361\" srcset=\"https:\/\/www.escritorescantabros.com\/wp-content\/uploads\/Rincon-Bribian-300x203.jpg 300w, https:\/\/www.escritorescantabros.com\/wp-content\/uploads\/Rincon-Bribian-1024x693.jpg 1024w, https:\/\/www.escritorescantabros.com\/wp-content\/uploads\/Rincon-Bribian-768x520.jpg 768w, https:\/\/www.escritorescantabros.com\/wp-content\/uploads\/Rincon-Bribian.jpg 1279w\" sizes=\"(max-width: 533px) 100vw, 533px\" \/><p id=\"caption-attachment-8784\" class=\"wp-caption-text\">Asistentes al acto de apertura del Rinc\u00f3n de Lectura &#8216;Carlos Bribi\u00e1n&#8217;. Foto: Javier Rosendo<\/p><\/div>\n<p>El Rinc\u00f3n de Lectura de Ontoria (Cabez\u00f3n de la Sal), se inaugur\u00f3 con el nombre de Carlos Bribi\u00e1n como homenaje a este periodista y escritor con motivo de cumplirse el centenario del nacimiento del que fuera ilustre vecino de Ontoria.<\/p>\n<p>El Rinc\u00f3n de Lectura esta ubicado junto a la Plaza Manuel Gonz\u00e1lez Hoyos, otro destacado periodista y poeta que naci\u00f3 en esta localidad, y ser\u00e1 lugar donde podr\u00e1n depositarse libros para leer o llevarse a casa.<\/p>\n<p>Este homenaje a Carlos Bribi\u00e1n, organizado por la Junta Vecinal de Ontoria y Vernejo, cuenta con la colaboraci\u00f3n del Ayuntamiento de Cabez\u00f3n de la Sal.<\/p>\n<p><strong>Carlos Bribi\u00e1n<\/strong><\/p>\n<p>Carlos Bribi\u00e1n Castro naci\u00f3 en Bin\u00e9far (Huesca) el 9 de marzo de 1926. En su juventud fue futbolista y entrenador profesional. Su dedicaci\u00f3n deportiva le proporcionar\u00eda tiempo para estudiar el bachillerato y dedicarse al periodismo deportivo a trav\u00e9s de las p\u00e1ginas de La Voz de Castilla, Nueva Rioja, el Pensamiento Navarro, y Arco y Regate.<\/p>\n<p>Desde 1960 hasta 1988 fue corresponsal del diario Marca en la Rep\u00fablica Federal de Alemania (RFA), ocup\u00e1ndose inmediatamente despu\u00e9s, y hasta 1992, de la corresponsal\u00eda de As y la SER en aquel pa\u00eds. Colabor\u00f3 con la revista alemana Kicher (1962-87), el peri\u00f3dico portugu\u00e9s Record y la revista japonesa Eleven-Football Magazin. Al margen de la informaci\u00f3n deportiva ha trabajado en otras prestigiosas publicaciones. Ha sido redactor jefe de la edici\u00f3n de Europa de 7 Fechas (1962-1977), corresponsal en Bonn de Pueblo (1974-1984) y de ABC (1985-1989). En el periodo 1983-1986 firm\u00f3 sus cr\u00f3nicas dominicales en El Heraldo de Arag\u00f3n. Paralelamente, desde 1964 hasta 1997 fue responsable del \u00e1rea de deportes de la emisora Deutsche Welle (La Voz de Alemania), la radio p\u00fablica de la RFA.<\/p>\n<p>Ha publicado cuatro novelas, reeditadas en 2005: &#8216;Buck&#8217;, (1958) ambientada en Nueva York, finalista del Premio Planeta (1959); &#8216;La Hu\u00edda&#8217; (1960), tambi\u00e9n finalista del Premio Caf\u00e9 Gij\u00f3n de Novela Breve (1960); &#8216;Llueve&#8217; (1959) que consta de tres historias que confluyen en Barcelona e \u2018Isabel\u2019 (1960), historia de amor entre una joven y un hombre maduro.<\/p>\n<p>Su larga trayectoria en los medios de comunicaci\u00f3n ha sido reconocida con distinciones como la Cruz de Caballero de la Orden de Cisneros (1972), Diploma Ol\u00edmpico a la informaci\u00f3n en los XX Juegos Ol\u00edmpicos (1972), Medalla de Plata de la Uni\u00f3n de Periodistas Deportivos de Espa\u00f1a (1985) y Bot\u00f3n de Plata de la <em>Verband Deutscher Sportjournalisten<\/em> (1987).<\/p>\n<p>En 2021, editado por la Asociaci\u00f3n Cultural Carlos Bribi\u00e1n, se public\u00f3 el libro p\u00f3stumo &#8216;Cr\u00f3nicas bribianescas de Europa&#8217;, recopilaci\u00f3n de sus art\u00edculos en Heraldo de Arag\u00f3n desde varias ciudades europeas en tiempos previos de la entrada de Espa\u00f1a en la entonces denominada Comunidad Econ\u00f3mica Europea.<\/p>\n<p>Tras su jubilaci\u00f3n se instal\u00f3 en Cantabria, concretamente en la localidad de Ontoria. Fue fundador de la Sociedad C\u00e1ntabra de Escritores (2001), siendo reconocido como socio de honor (2005) y posteriormente elegido como presidente (2006). Es tambi\u00e9n socio de honor del Centro Aragon\u00e9s en Cantabria.<\/p>\n<p>En 2012 fue Premio Antonino Pell\u00f3n de la Cultura (2012), otorgado por el Ayuntamiento de Cabez\u00f3n de la Sal e Hijo Predilecto de Bin\u00e9far (2013), distinci\u00f3n otorgada por este ayuntamiento cuyo acto de entrega se celebr\u00f3 en Cabez\u00f3n de la Sal.<\/p>\n<p>Falleci\u00f3 en su casa de Ontoria el 5 de octubre de 2022 a los 96 a\u00f1os.<\/p>\n","protected":false},"excerpt":{"rendered":"<p>El Rinc\u00f3n de Lectura de Ontoria (Cabez\u00f3n de la Sal), se inaugur\u00f3 con el nombre de Carlos Bribi\u00e1n como homenaje a este periodista y escritor con motivo de cumplirse el centenario del nacimiento del que fuera ilustre vecino de Ontoria. &hellip; <a href=\"https:\/\/www.escritorescantabros.com\/?p=8757\">Sigue leyendo <span class=\"meta-nav\">&rarr;<\/span><\/a><\/p>\n","protected":false},"author":1,"featured_media":8760,"comment_status":"open","ping_status":"open","sticky":false,"template":"","format":"standard","meta":{"footnotes":""},"categories":[1],"tags":[],"_links":{"self":[{"href":"https:\/\/www.escritorescantabros.com\/index.php?rest_route=\/wp\/v2\/posts\/8757"}],"collection":[{"href":"https:\/\/www.escritorescantabros.com\/index.php?rest_route=\/wp\/v2\/posts"}],"about":[{"href":"https:\/\/www.escritorescantabros.com\/index.php?rest_route=\/wp\/v2\/types\/post"}],"author":[{"embeddable":true,"href":"https:\/\/www.escritorescantabros.com\/index.php?rest_route=\/wp\/v2\/users\/1"}],"replies":[{"embeddable":true,"href":"https:\/\/www.escritorescantabros.com\/index.php?rest_route=%2Fwp%2Fv2%2Fcomments&post=8757"}],"version-history":[{"count":5,"href":"https:\/\/www.escritorescantabros.com\/index.php?rest_route=\/wp\/v2\/posts\/8757\/revisions"}],"predecessor-version":[{"id":8785,"href":"https:\/\/www.escritorescantabros.com\/index.php?rest_route=\/wp\/v2\/posts\/8757\/revisions\/8785"}],"wp:featuredmedia":[{"embeddable":true,"href":"https:\/\/www.escritorescantabros.com\/index.php?rest_route=\/wp\/v2\/media\/8760"}],"wp:attachment":[{"href":"https:\/\/www.escritorescantabros.com\/index.php?rest_route=%2Fwp%2Fv2%2Fmedia&parent=8757"}],"wp:term":[{"taxonomy":"category","embeddable":true,"href":"https:\/\/www.escritorescantabros.com\/index.php?rest_route=%2Fwp%2Fv2%2Fcategories&post=8757"},{"taxonomy":"post_tag","embeddable":true,"href":"https:\/\/www.escritorescantabros.com\/index.php?rest_route=%2Fwp%2Fv2%2Ftags&post=8757"}],"curies":[{"name":"wp","href":"https:\/\/api.w.org\/{rel}","templated":true}]}}