{"id":8770,"date":"2026-03-20T21:44:11","date_gmt":"2026-03-20T21:44:11","guid":{"rendered":"https:\/\/www.escritorescantabros.com\/?p=8770"},"modified":"2026-03-22T22:02:24","modified_gmt":"2026-03-22T22:02:24","slug":"sanchez-de-movellan-tratara-el-dia-20-en-el-ateneo-sobre-el-libertarismo-de-thomas-jefferson","status":"publish","type":"post","link":"https:\/\/www.escritorescantabros.com\/?p=8770","title":{"rendered":"S\u00e1nchez de Movell\u00e1n expuso en el Ateneo su visi\u00f3n sobre el libertarismo de Thomas Jefferson"},"content":{"rendered":"<div id=\"attachment_8794\" style=\"width: 323px\" class=\"wp-caption alignleft\"><img loading=\"lazy\" decoding=\"async\" aria-describedby=\"caption-attachment-8794\" class=\"wp-image-8794\" src=\"https:\/\/www.escritorescantabros.com\/wp-content\/uploads\/Conferencia-Jeferson-300x300.jpg\" alt=\"S\u00e1nchez de Movell\u00e1n (izquierda) y Federico Lucendo Pombo.\" width=\"313\" height=\"313\" srcset=\"https:\/\/www.escritorescantabros.com\/wp-content\/uploads\/Conferencia-Jeferson-300x300.jpg 300w, https:\/\/www.escritorescantabros.com\/wp-content\/uploads\/Conferencia-Jeferson-1024x1024.jpg 1024w, https:\/\/www.escritorescantabros.com\/wp-content\/uploads\/Conferencia-Jeferson-150x150.jpg 150w, https:\/\/www.escritorescantabros.com\/wp-content\/uploads\/Conferencia-Jeferson-768x768.jpg 768w, https:\/\/www.escritorescantabros.com\/wp-content\/uploads\/Conferencia-Jeferson-1536x1536.jpg 1536w, https:\/\/www.escritorescantabros.com\/wp-content\/uploads\/Conferencia-Jeferson-2048x2048.jpg 2048w\" sizes=\"(max-width: 313px) 100vw, 313px\" \/><p id=\"caption-attachment-8794\" class=\"wp-caption-text\">S\u00e1nchez de Movell\u00e1n (izquierda) y Federico Lucendo Pombo.<\/p><\/div>\n<p>El libertarismo \u201cavant lettre\u201d de Thomas Jefferson fue el tema de la conferencia que el profesor y analista pol\u00edtico Luis S\u00e1nchez de Movell\u00e1n pronunci\u00f3 en el Ateneo de Santander.<\/p>\n<p>Tras la bienvenida del presidente del Ateneo, Manuel \u00c1ngel Casta\u00f1eda, el ponente fue presentado por el presidente de la secci\u00f3n para Asuntos de Iberoam\u00e9rica del Ateneo, Federico Lucendo Pombo.<\/p>\n<p>Thomas Jefferson (1743-1826) fue el redactor principal de la Declaraci\u00f3n de Independencia de Estados Unidos y defensor del gobierno limitado y los derechos individuales. El que fuera presidente de los Estados Unidos aplic\u00f3 la filosof\u00eda pol\u00edtica del libertarismo que coloca la libertad individual como el valor central en la organizaci\u00f3n de la sociedad de su pa\u00eds, defendiendo principios como la soberan\u00eda personal, la propiedad privada, los mercados libres y un Estado limitado.<\/p>\n<p>S\u00e1nchez de Movell\u00e1n explicar\u00e1 el especial libertarismo del personaje basado en la filosof\u00eda pol\u00edtica occidental, especialmente en el liberalismo cl\u00e1sico del siglo XVII y XVIII.<\/p>\n<p><strong>Luis S\u00e1nchez de Movell\u00e1n<\/strong><\/p>\n<p>S\u00e1nchez de Movell\u00e1n es doctor por la Universidad Complutense de Madrid tras licenciarse en Derecho y Ciencias Pol\u00edticas en la misma universidad, y miembro del Colegio de Abogados de Madrid desde 1982. Es m\u00e1ster en Asesor\u00eda Fiscal, m\u00e1ster en Asesor\u00eda Jur\u00eddica de Empresas y m\u00e1ster en Comunidades Europeas.<\/p>\n<p>Ha sido profesor investigador de Filosof\u00eda del Derecho y del Estado en la Facultad de Derecho de la Complutense (1998-2004), profesor de Historia de la Familia en la Facultad de Medicina en CEU-San Pablo (2005-2008) y profesor de Historia del Arte e Historia de Espa\u00f1a en el \u00c1rea Socio-Cultural del Ayuntamiento de Madrid (2008-2011).<\/p>\n<p>Tambi\u00e9n fue director de la revista \u2018Vniversitas Senioribvs\u2019 CEU (2011-2017), cofundador de \u2018La Gaceta Liberal\u2019 y colaborador de las revistas \u2018Raz\u00f3n Espa\u00f1ola\u2019, \u2018Empresas Pol\u00edticas\u2019 y \u2018Veintiuno\u2019, as\u00ed como del diario digital \u2018elmundofinanciero.com\u2019 y ElSemanalDigital.com. Tambi\u00e9n ha sido columnista de \u2018El Diario Monta\u00f1\u00e9s\u2019 y de los diarios digitales \u2018analisisdigital.com\u2019 y \u2018elsemanaldigital.com\u2019.<\/p>\n<p>Actualmente es analista pol\u00edtico, colaborador radiof\u00f3nico y director del programa \u201cEspa\u00f1oles Olvidados\u201d en Informa Radio.<\/p>\n","protected":false},"excerpt":{"rendered":"<p>El libertarismo \u201cavant lettre\u201d de Thomas Jefferson fue el tema de la conferencia que el profesor y analista pol\u00edtico Luis S\u00e1nchez de Movell\u00e1n pronunci\u00f3 en el Ateneo de Santander. Tras la bienvenida del presidente del Ateneo, Manuel \u00c1ngel Casta\u00f1eda, el &hellip; <a href=\"https:\/\/www.escritorescantabros.com\/?p=8770\">Sigue leyendo <span class=\"meta-nav\">&rarr;<\/span><\/a><\/p>\n","protected":false},"author":1,"featured_media":8794,"comment_status":"open","ping_status":"open","sticky":false,"template":"","format":"standard","meta":{"footnotes":""},"categories":[1],"tags":[],"_links":{"self":[{"href":"https:\/\/www.escritorescantabros.com\/index.php?rest_route=\/wp\/v2\/posts\/8770"}],"collection":[{"href":"https:\/\/www.escritorescantabros.com\/index.php?rest_route=\/wp\/v2\/posts"}],"about":[{"href":"https:\/\/www.escritorescantabros.com\/index.php?rest_route=\/wp\/v2\/types\/post"}],"author":[{"embeddable":true,"href":"https:\/\/www.escritorescantabros.com\/index.php?rest_route=\/wp\/v2\/users\/1"}],"replies":[{"embeddable":true,"href":"https:\/\/www.escritorescantabros.com\/index.php?rest_route=%2Fwp%2Fv2%2Fcomments&post=8770"}],"version-history":[{"count":6,"href":"https:\/\/www.escritorescantabros.com\/index.php?rest_route=\/wp\/v2\/posts\/8770\/revisions"}],"predecessor-version":[{"id":8800,"href":"https:\/\/www.escritorescantabros.com\/index.php?rest_route=\/wp\/v2\/posts\/8770\/revisions\/8800"}],"wp:featuredmedia":[{"embeddable":true,"href":"https:\/\/www.escritorescantabros.com\/index.php?rest_route=\/wp\/v2\/media\/8794"}],"wp:attachment":[{"href":"https:\/\/www.escritorescantabros.com\/index.php?rest_route=%2Fwp%2Fv2%2Fmedia&parent=8770"}],"wp:term":[{"taxonomy":"category","embeddable":true,"href":"https:\/\/www.escritorescantabros.com\/index.php?rest_route=%2Fwp%2Fv2%2Fcategories&post=8770"},{"taxonomy":"post_tag","embeddable":true,"href":"https:\/\/www.escritorescantabros.com\/index.php?rest_route=%2Fwp%2Fv2%2Ftags&post=8770"}],"curies":[{"name":"wp","href":"https:\/\/api.w.org\/{rel}","templated":true}]}}