{"id":8776,"date":"2026-03-17T10:01:58","date_gmt":"2026-03-17T10:01:58","guid":{"rendered":"https:\/\/www.escritorescantabros.com\/?p=8776"},"modified":"2026-03-18T10:13:37","modified_gmt":"2026-03-18T10:13:37","slug":"luis-alberto-salcines-presentara-el-dia-17-un-estudio-sobre-la-obra-de-manuel-arce","status":"publish","type":"post","link":"https:\/\/www.escritorescantabros.com\/?p=8776","title":{"rendered":"Luis Alberto Salcines present\u00f3 un estudio sobre la obra de Manuel Arce"},"content":{"rendered":"<div id=\"attachment_8789\" style=\"width: 316px\" class=\"wp-caption alignleft\"><img loading=\"lazy\" decoding=\"async\" aria-describedby=\"caption-attachment-8789\" class=\" wp-image-8789\" src=\"https:\/\/www.escritorescantabros.com\/wp-content\/uploads\/IMG_0763-1-300x296.jpg\" alt=\"Un momento de la celebraci\u00f3n del acto.\" width=\"306\" height=\"302\" srcset=\"https:\/\/www.escritorescantabros.com\/wp-content\/uploads\/IMG_0763-1-300x296.jpg 300w, https:\/\/www.escritorescantabros.com\/wp-content\/uploads\/IMG_0763-1-1024x1009.jpg 1024w, https:\/\/www.escritorescantabros.com\/wp-content\/uploads\/IMG_0763-1-768x757.jpg 768w, https:\/\/www.escritorescantabros.com\/wp-content\/uploads\/IMG_0763-1.jpg 1320w\" sizes=\"(max-width: 306px) 100vw, 306px\" \/><p id=\"caption-attachment-8789\" class=\"wp-caption-text\">Rosa Gil durante la lectura de poemas. Sentados aparecen Salcines, L\u00f3pez Garc\u00eda y Gonz\u00e1lez Fuentes.<\/p><\/div>\n<p>\u201cManuel Arce, de la palabra po\u00e9tica a la narrativa (1928-2018)\u2019 es el t\u00edtulo del libro que el escritor y activista cultural, Luis Alberto Salcines, present\u00f3 en el Ateneo de Santander para evocar la figura del escritor y galerista que fue una figura esencial de la cultura santanderina en la segunda mitad del siglo XX.<\/p>\n<p>En la presentaci\u00f3n, adem\u00e1s del autor, intervinieron Juan Antonio Gonz\u00e1lez Fuentes y D\u00e1maso L\u00f3pez Garc\u00eda, que comentaron sus respectivas experiencias con Arce, mientras que Salcines explic\u00f3 las motivaciones para escribir el libro que cuenta con poemas y aforismos, alguno de los cuales ley\u00f3 Rosa Gil.<\/p>\n<p>Manuel Arce cre\u00f3 en 1948 la revista po\u00e9tica \u2018La Isla de los Ratones\u2019, una de las m\u00e1s significativas de la posguerra, que continu\u00f3 edit\u00e1ndose hasta 1955, para posteriormente publicar una colecci\u00f3n de libros con el mismo nombre (1949-1986). En la revista literaria colaboraron figuras literarias como Juan Ram\u00f3n Jim\u00e9nez, Vicente Aleixandre, Blas de Otero, Jos\u00e9 Agust\u00edn Goytisolo o Pedro Salinas; y en las publicaciones de la colecci\u00f3n escribieron autores como Gabriel Celaya, Jorge Guill\u00e9n, Gerardo Diego, Miguel \u00c1ngel Asturias o \u00c1ngel Crespo.<\/p>\n<p>Puso en funcionamiento a partir de 1952 la librer\u00eda y galer\u00eda de arte \u2018Sur\u2019, desde la que proporcion\u00f3 un enorme impulso cultural a la ciudad de Santander.<\/p>\n<p>Galerista, escritor y editor, es autor de una extensa obra literaria. En el campo de la poes\u00eda public\u00f3, entre 1948 y 1954, cinco libros y siete novelas que public\u00f3 a lo largo de treinta a\u00f1os: \u2018Testamento en la monta\u00f1a\u2019 (1956), \u2018Pintado sobre el vac\u00edo\u2019 (1958), \u2018La tentaci\u00f3n de vivir\u2019 (1961), \u2018Anzuelos para la lubina\u2019 (1962), \u2018Oficio de muchachos\u2019 (1963), \u2018El precio de la derrota\u2019 (1970), y \u2018El latido de la memoria\u2019 (2006). Dos de estas novelas, \u2018Testamento en la monta\u00f1a\u2019 y \u2018Oficio de muchachos\u2019 fueron llevadas al cine con el t\u00edtulo \u201cSentencia contra una mujer\u201d, dirigida por Antonio Isasi-Isasmendi y \u201cOficio de muchachos\u201d, dirigida por Carlos Romero Marchent. En 2010 public\u00f3 sus memorias con el t\u00edtulo \u2018Los papeles de una vida recobrada\u2019 y en 2013, su \u00faltima publicaci\u00f3n, \u2018Aforismos\u2019.<\/p>\n","protected":false},"excerpt":{"rendered":"<p>\u201cManuel Arce, de la palabra po\u00e9tica a la narrativa (1928-2018)\u2019 es el t\u00edtulo del libro que el escritor y activista cultural, Luis Alberto Salcines, present\u00f3 en el Ateneo de Santander para evocar la figura del escritor y galerista que fue &hellip; <a href=\"https:\/\/www.escritorescantabros.com\/?p=8776\">Sigue leyendo <span class=\"meta-nav\">&rarr;<\/span><\/a><\/p>\n","protected":false},"author":1,"featured_media":8789,"comment_status":"open","ping_status":"open","sticky":false,"template":"","format":"standard","meta":{"footnotes":""},"categories":[1],"tags":[],"_links":{"self":[{"href":"https:\/\/www.escritorescantabros.com\/index.php?rest_route=\/wp\/v2\/posts\/8776"}],"collection":[{"href":"https:\/\/www.escritorescantabros.com\/index.php?rest_route=\/wp\/v2\/posts"}],"about":[{"href":"https:\/\/www.escritorescantabros.com\/index.php?rest_route=\/wp\/v2\/types\/post"}],"author":[{"embeddable":true,"href":"https:\/\/www.escritorescantabros.com\/index.php?rest_route=\/wp\/v2\/users\/1"}],"replies":[{"embeddable":true,"href":"https:\/\/www.escritorescantabros.com\/index.php?rest_route=%2Fwp%2Fv2%2Fcomments&post=8776"}],"version-history":[{"count":4,"href":"https:\/\/www.escritorescantabros.com\/index.php?rest_route=\/wp\/v2\/posts\/8776\/revisions"}],"predecessor-version":[{"id":8792,"href":"https:\/\/www.escritorescantabros.com\/index.php?rest_route=\/wp\/v2\/posts\/8776\/revisions\/8792"}],"wp:featuredmedia":[{"embeddable":true,"href":"https:\/\/www.escritorescantabros.com\/index.php?rest_route=\/wp\/v2\/media\/8789"}],"wp:attachment":[{"href":"https:\/\/www.escritorescantabros.com\/index.php?rest_route=%2Fwp%2Fv2%2Fmedia&parent=8776"}],"wp:term":[{"taxonomy":"category","embeddable":true,"href":"https:\/\/www.escritorescantabros.com\/index.php?rest_route=%2Fwp%2Fv2%2Fcategories&post=8776"},{"taxonomy":"post_tag","embeddable":true,"href":"https:\/\/www.escritorescantabros.com\/index.php?rest_route=%2Fwp%2Fv2%2Ftags&post=8776"}],"curies":[{"name":"wp","href":"https:\/\/api.w.org\/{rel}","templated":true}]}}