{"id":8780,"date":"2026-03-17T10:45:23","date_gmt":"2026-03-17T10:45:23","guid":{"rendered":"https:\/\/www.escritorescantabros.com\/?p=8780"},"modified":"2026-03-18T09:55:26","modified_gmt":"2026-03-18T09:55:26","slug":"el-museo-altamira-reconoce-en-una-exposicion-a-francisco-santamatilde-como-salvador-del-deterioro-de-la-cueva","status":"publish","type":"post","link":"https:\/\/www.escritorescantabros.com\/?p=8780","title":{"rendered":"El Museo Altamira reconoce en una exposici\u00f3n a Francisco Santamatilde como salvador del deterioro de la cueva"},"content":{"rendered":"<div id=\"attachment_8786\" style=\"width: 572px\" class=\"wp-caption aligncenter\"><img loading=\"lazy\" decoding=\"async\" aria-describedby=\"caption-attachment-8786\" class=\" wp-image-8786\" src=\"https:\/\/www.escritorescantabros.com\/wp-content\/uploads\/IMG_0764-1-300x214.jpg\" alt=\"Autoridades en la exposici\u00f3n\" width=\"562\" height=\"401\" srcset=\"https:\/\/www.escritorescantabros.com\/wp-content\/uploads\/IMG_0764-1-300x214.jpg 300w, https:\/\/www.escritorescantabros.com\/wp-content\/uploads\/IMG_0764-1-1024x731.jpg 1024w, https:\/\/www.escritorescantabros.com\/wp-content\/uploads\/IMG_0764-1-768x548.jpg 768w, https:\/\/www.escritorescantabros.com\/wp-content\/uploads\/IMG_0764-1.jpg 1320w\" sizes=\"(max-width: 562px) 100vw, 562px\" \/><p id=\"caption-attachment-8786\" class=\"wp-caption-text\">De izquierda a derecha, Sancho M\u00edchel, Alejandro Liz (vicepresidente del Parlamento de Cantabria), Sara Izquierdo (alcaldesa de Santillana), Pilar Fat\u00e1s (directora del Museo Altamira), Ana Santamatilde y Manuel Gonz\u00e1lez Morales (comisario de la exposici\u00f3n).<\/p><\/div>\n<p>\u201cFrancisco Santamatilde: el fot\u00f3grafo que salv\u00f3 Altamira\u201d, es el t\u00edtulo de la exposici\u00f3n que podr\u00e1 verse en el Museo Altamira y que se mantendr\u00e1 hasta el final del mes de junio de este a\u00f1o.<\/p>\n<p>La exposici\u00f3n, que coincide con el centenario del nacimiento de Santamatilde, est\u00e1 comisionada por Manuel Gonz\u00e1lez Morales y Ana Santamatilde. Se compone de documentaci\u00f3n original, escritos, cartas, publicaciones y fotograf\u00edas de las pinturas que contribuyeron a descubrir el deterioro y sirvieron de denuncia para que las autoridades tomaran medidas para preservar el patrimonio de la cueva.<\/p>\n<p>El horario de visitas es de martes a s\u00e1bado de 9:30 a 18 horas y los domingos y festivos de 9:30 a 15 horas. La gesti\u00f3n y la coordinaci\u00f3n corren a cargo de Pilar Fat\u00e1s y Adela Gonz\u00e1lez.<\/p>\n<p>Francisco Santamatilde fue fot\u00f3grafo, marino y autor de obras sobre el patrimonio de Cantabria. Mantuvo una gran inquietud por la conservaci\u00f3n de las cuevas prehist\u00f3ricas, siendo en 1975 el primero que denunci\u00f3 el deterioro de las pinturas rupestres de Altamira, despertando el inter\u00e9s social por este problema.<\/p>\n<p>Se dedic\u00f3 a la fotograf\u00eda a partir de los dibujos orientados al retrato, aplicando la fotograf\u00eda a esta modalidad, hasta que gan\u00f3 el primer concurso Bah\u00eda de Santander y ampli\u00f3 su fotograf\u00eda a m\u00e1s diversidad.<\/p>\n<p>Su libro \u2018Santillana\u2019, del que se encarg\u00f3, adem\u00e1s de las fotograf\u00edas, de la maqueta y de los textos, fue premiado varias veces. Durante los a\u00f1os 60 obtuvo adem\u00e1s varias distinciones y en los setenta gan\u00f3 el concurso de la Diputaci\u00f3n para dise\u00f1ar la obra \u2018Santander\u2019, otra de sus emblem\u00e1ticas obras y referida a la entonces provincia. Fue integrante y consejero del Instituto de Etnograf\u00eda y Folclore de la Instituci\u00f3n Cultural de Cantabria y realiz\u00f3 para esta entidad numerosos trabajos fotogr\u00e1ficos, literarios, de dise\u00f1o y carteles. En 1985 realiz\u00f3 el texto po\u00e9tico, las fotograf\u00edas, la maqueta y la direcci\u00f3n del libro \u2018La Madrid\u2019, sobre el presidente de M\u00e9xico, junto con Carmen Gonz\u00e1lez Echegaray.<\/p>\n<p>En 1975, Santamatilde encabez\u00f3 p\u00fablicamente la advertencia del grave deterioro que sufr\u00eda la sala de los pol\u00edcromos de Altamira, al comparar una fotograf\u00eda suya de 1965 con una postal de 1975. Su denuncia apenas cal\u00f3 hasta que se hizo eco de ella la publicaci\u00f3n nacional \u2018S\u00e1bado Gr\u00e1fico\u2019, que titul\u00f3 de forma contundente el 8 de octubre de 1975: \u201cAltamira, una reliquia universal que se pierde\u201d. Tras la denuncia, el Ministerio, que inicialmente se neg\u00f3 a aceptar la evidencia, cre\u00f3 una comisi\u00f3n t\u00e9cnica de expertos y en 1976 la cueva se cerr\u00f3 ocho meses. El 1 de septiembre de 1977 se puso fin a las visitas. Tras los estudios del profesor Eugenio Villar y crearse el Museo Nacional, la cueva, ya gestionada por el Ministerio, se reabri\u00f3 en 1982 a visitas limitadas, para posteriormente cerrar la Cueva y proceder a la inauguraci\u00f3n del Museo Altamira en 2001.<\/p>\n","protected":false},"excerpt":{"rendered":"<p>\u201cFrancisco Santamatilde: el fot\u00f3grafo que salv\u00f3 Altamira\u201d, es el t\u00edtulo de la exposici\u00f3n que podr\u00e1 verse en el Museo Altamira y que se mantendr\u00e1 hasta el final del mes de junio de este a\u00f1o. La exposici\u00f3n, que coincide con el &hellip; <a href=\"https:\/\/www.escritorescantabros.com\/?p=8780\">Sigue leyendo <span class=\"meta-nav\">&rarr;<\/span><\/a><\/p>\n","protected":false},"author":1,"featured_media":8781,"comment_status":"open","ping_status":"open","sticky":false,"template":"","format":"standard","meta":{"footnotes":""},"categories":[1],"tags":[],"_links":{"self":[{"href":"https:\/\/www.escritorescantabros.com\/index.php?rest_route=\/wp\/v2\/posts\/8780"}],"collection":[{"href":"https:\/\/www.escritorescantabros.com\/index.php?rest_route=\/wp\/v2\/posts"}],"about":[{"href":"https:\/\/www.escritorescantabros.com\/index.php?rest_route=\/wp\/v2\/types\/post"}],"author":[{"embeddable":true,"href":"https:\/\/www.escritorescantabros.com\/index.php?rest_route=\/wp\/v2\/users\/1"}],"replies":[{"embeddable":true,"href":"https:\/\/www.escritorescantabros.com\/index.php?rest_route=%2Fwp%2Fv2%2Fcomments&post=8780"}],"version-history":[{"count":4,"href":"https:\/\/www.escritorescantabros.com\/index.php?rest_route=\/wp\/v2\/posts\/8780\/revisions"}],"predecessor-version":[{"id":8788,"href":"https:\/\/www.escritorescantabros.com\/index.php?rest_route=\/wp\/v2\/posts\/8780\/revisions\/8788"}],"wp:featuredmedia":[{"embeddable":true,"href":"https:\/\/www.escritorescantabros.com\/index.php?rest_route=\/wp\/v2\/media\/8781"}],"wp:attachment":[{"href":"https:\/\/www.escritorescantabros.com\/index.php?rest_route=%2Fwp%2Fv2%2Fmedia&parent=8780"}],"wp:term":[{"taxonomy":"category","embeddable":true,"href":"https:\/\/www.escritorescantabros.com\/index.php?rest_route=%2Fwp%2Fv2%2Fcategories&post=8780"},{"taxonomy":"post_tag","embeddable":true,"href":"https:\/\/www.escritorescantabros.com\/index.php?rest_route=%2Fwp%2Fv2%2Ftags&post=8780"}],"curies":[{"name":"wp","href":"https:\/\/api.w.org\/{rel}","templated":true}]}}