{"id":979,"date":"2012-05-14T22:32:03","date_gmt":"2012-05-14T22:32:03","guid":{"rendered":"http:\/\/www.escritorescantabros.com\/?p=979"},"modified":"2012-05-14T22:35:51","modified_gmt":"2012-05-14T22:35:51","slug":"la-i-guerra-carlista-en-la-comarca-del-pas-pisuena-1833-1839-de-ramon-villegas","status":"publish","type":"post","link":"https:\/\/www.escritorescantabros.com\/?p=979","title":{"rendered":"&#8216;La I Guerra Carlista en la comarca del Pas-Pisue\u00f1a&#8217;, de R. Villegas"},"content":{"rendered":"<p>El libro de Ram\u00f3n Villegas se centra en la guerra civil surgida por la sucesi\u00f3n del trono de Espa\u00f1a entre octubre de 1833 hasta junio de 1840, con la dura lucha entre los liberales que apoyaban a Isabel II, y los absolutistas defensores de Carlos Mar\u00eda Isidro de Borb\u00f3n, hermano del difunto Fernando VII, que pasar\u00eda a la historia con el nombre de la I Guerra Carlista.<\/p>\n<p>El autor y editor Ram\u00f3n Villegas, trata sobre los acontecimientos ocurridos durante este conflicto en la comarca c\u00e1ntabra del Pas-Pisue\u00f1a, alguno de los cuales ser\u00edan determinantes para el devenir de la guerra, como la famosa acci\u00f3n de Vargas. Tambi\u00e9n se cuentan las aventuras del partisano liberal de San Roque de Riomiera, Juan Ruiz Guti\u00e9rrez.<\/p>\n<p>Ram\u00f3n Villegas L\u00f3pez naci\u00f3 en el valle de Toranzo, aunque reside en Torrelavega. Durante varios a\u00f1os lleva dedic\u00e1ndose a la investigaci\u00f3n de la cultura tradicional en Cantabria, interes\u00e1ndose por su defensa y divulgaci\u00f3n. En 1998, junto con Manuel Bahillo, fue fundador de la editorial \u2018Cantabria Tradicional\u2019, que adem\u00e1s de libros, edita obras musicales tradicionales c\u00e1ntabras. Es autor, recopilador o coordinador de obras como <em>De la vida agreste: cuentos y art\u00edculos de Jos\u00e9 M\u00aa Cagiga Aparicio (Jos\u00e9 de Revilla y Camargo)<\/em> (1998), <em>Narraciones de anta\u00f1o: colecci\u00f3n de cuentos de costumbres campurrianas<\/em> (1999), <em>Motivos decorativos y ornamentales en la arquitectura tradicional de Cantabria<\/em> (2003<em>), Corvera de Toranzo. Im\u00e1genes para el recuerdo<\/em> (2003), <em>Pasiegos: memoria gr\u00e1fica de un pueblo<\/em> (2004), <em>Historias de pasiegos<\/em> (2004), <em>En el pa\u00eds de la vaca tudanca<\/em> (2005), <em>Evidencias torancesas<\/em> (2005) y <em>Apuntes sobre las antiguas y renombradas ferias de San Agust\u00edn en Villasevil<\/em> (2005)\u2026<\/p>\n","protected":false},"excerpt":{"rendered":"<p>El libro de Ram\u00f3n Villegas se centra en la guerra civil surgida por la sucesi\u00f3n del trono de Espa\u00f1a entre octubre de 1833 hasta junio de 1840, con la dura lucha entre los liberales que apoyaban a Isabel II, y &hellip; <a href=\"https:\/\/www.escritorescantabros.com\/?p=979\">Sigue leyendo <span class=\"meta-nav\">&rarr;<\/span><\/a><\/p>\n","protected":false},"author":1,"featured_media":980,"comment_status":"open","ping_status":"open","sticky":false,"template":"","format":"standard","meta":{"footnotes":""},"categories":[4],"tags":[],"_links":{"self":[{"href":"https:\/\/www.escritorescantabros.com\/index.php?rest_route=\/wp\/v2\/posts\/979"}],"collection":[{"href":"https:\/\/www.escritorescantabros.com\/index.php?rest_route=\/wp\/v2\/posts"}],"about":[{"href":"https:\/\/www.escritorescantabros.com\/index.php?rest_route=\/wp\/v2\/types\/post"}],"author":[{"embeddable":true,"href":"https:\/\/www.escritorescantabros.com\/index.php?rest_route=\/wp\/v2\/users\/1"}],"replies":[{"embeddable":true,"href":"https:\/\/www.escritorescantabros.com\/index.php?rest_route=%2Fwp%2Fv2%2Fcomments&post=979"}],"version-history":[{"count":4,"href":"https:\/\/www.escritorescantabros.com\/index.php?rest_route=\/wp\/v2\/posts\/979\/revisions"}],"predecessor-version":[{"id":982,"href":"https:\/\/www.escritorescantabros.com\/index.php?rest_route=\/wp\/v2\/posts\/979\/revisions\/982"}],"wp:featuredmedia":[{"embeddable":true,"href":"https:\/\/www.escritorescantabros.com\/index.php?rest_route=\/wp\/v2\/media\/980"}],"wp:attachment":[{"href":"https:\/\/www.escritorescantabros.com\/index.php?rest_route=%2Fwp%2Fv2%2Fmedia&parent=979"}],"wp:term":[{"taxonomy":"category","embeddable":true,"href":"https:\/\/www.escritorescantabros.com\/index.php?rest_route=%2Fwp%2Fv2%2Fcategories&post=979"},{"taxonomy":"post_tag","embeddable":true,"href":"https:\/\/www.escritorescantabros.com\/index.php?rest_route=%2Fwp%2Fv2%2Ftags&post=979"}],"curies":[{"name":"wp","href":"https:\/\/api.w.org\/{rel}","templated":true}]}}